{"id":20525,"date":"2026-04-27T21:59:42","date_gmt":"2026-04-27T20:59:42","guid":{"rendered":"https:\/\/informacionlocal.es\/el-ayuntamiento-de-puerto-del-rosario-refuerza-el-papel-del-tejido-asociativo-en-el-iv-encuentro-de-asociaciones-celebrado-en-casillas-del-angel\/"},"modified":"2026-04-27T21:59:42","modified_gmt":"2026-04-27T20:59:42","slug":"el-ayuntamiento-de-puerto-del-rosario-refuerza-el-papel-del-tejido-asociativo-en-el-iv-encuentro-de-asociaciones-celebrado-en-casillas-del-angel","status":"publish","type":"post","link":"https:\/\/informacionlocal.es\/de\/el-ayuntamiento-de-puerto-del-rosario-refuerza-el-papel-del-tejido-asociativo-en-el-iv-encuentro-de-asociaciones-celebrado-en-casillas-del-angel\/","title":{"rendered":"El Ayuntamiento de Puerto del Rosario refuerza el papel del tejido asociativo en el IV Encuentro de Asociaciones celebrado en Casillas del \u00c1ngel"},"content":{"rendered":"<div class=\"entry-content\">\n<p><span><strong><em>En Puerto del Rosario, a 27 de abril de 2026.- <\/em><\/strong>El Ayuntamiento de Puerto del Rosario celebr\u00f3 el pasado viernes 24 de abril el IV Encuentro de Asociaciones en Casillas del \u00c1ngel, una jornada de trabajo, convivencia y reflexi\u00f3n conjunta que reuni\u00f3 a 14 asociaciones del municipio.<\/span><\/p>\n<p><span>Durante la jornada participaron cinco ponentes, personas vinculadas hist\u00f3ricamente al movimiento asociativo, ya fuera como presidentes de asociaciones o como participantes activos en la vida comunitaria de sus pueblos y barrios. Sus intervenciones permitieron compartir experiencias sobre los inicios del asociacionismo, las dificultades encontradas en el camino y el valor del trabajo colectivo.<\/span><\/p>\n<p><span>Los ponentes destacaron la importancia de seguir fortaleciendo los lazos entre asociaciones, especialmente con aquellas de nueva creaci\u00f3n, fomentando el trabajo coordinado y el apoyo mutuo. En este sentido, se puso de manifiesto que el asociacionismo constituye una herramienta clave para impulsar la participaci\u00f3n vecinal, favorecer la colaboraci\u00f3n y construir comunidad dentro del municipio.<\/span><\/p>\n<p><span>El encuentro cont\u00f3 tambi\u00e9n con una mesa redonda en la que las asociaciones participantes pudieron debatir y planificar el trabajo del a\u00f1o. Durante este espacio se abordaron diferentes propuestas y actividades destinadas a seguir dinamizando la participaci\u00f3n ciudadana en Puerto del Rosario.<\/span><\/p>\n<p><span>Entre los temas tratados se incluyeron las subvenciones municipales y el acompa\u00f1amiento que presta el Ayuntamiento para facilitar su tramitaci\u00f3n, as\u00ed como iniciativas como la participaci\u00f3n en la carroza del Carnaval, la presencia en la feria \u201cSembrando Color\u201d, las actividades de Navidad y otras propuestas orientadas a fortalecer la vida comunitaria.<\/span><\/p>\n<p><span>El alcalde de Puerto del Rosario, David de Vera, destac\u00f3 que \u201ceste encuentro refleja el enorme valor del tejido asociativo de nuestro municipio, que es esencial para construir un Puerto del Rosario m\u00e1s participativo, cohesionado y con identidad propia. Desde el Ayuntamiento vamos a seguir acompa\u00f1ando y apoyando a nuestras asociaciones porque son un pilar fundamental de la vida social\u201d.<\/span><\/p>\n<p><img loading=\"lazy\" decoding=\"async\" loading=\"lazy\" class=\"size-large wp-image-159115 aligncenter\" src=\"https:\/\/informacionlocal.es\/wp-content\/uploads\/2026\/04\/asociaciones-1-1024x473-1.jpeg\" width=\"1024\" height=\"473\" title=\"asociaciones-1-1024x473-1\"><\/p>\n<p><span>Por su parte, la concejala de Participaci\u00f3n Ciudadana, Jenifer P\u00e9rez, subray\u00f3 que \u201cla implicaci\u00f3n de las asociaciones demuestra que la participaci\u00f3n ciudadana est\u00e1 m\u00e1s viva que nunca en nuestro municipio. Estos espacios permiten escuchar, compartir y construir juntos, generando oportunidades reales para que los vecinos y vecinas formen parte activa de las decisiones y del desarrollo de Puerto del Rosario\u201d.<\/span><\/p>\n<p><span>En esta l\u00ednea, el concejal de Pueblos y Barrios, David de Le\u00f3n, puso el acento en el papel del movimiento vecinal en la identidad del municipio: \u201ccada asociaci\u00f3n representa la esencia de su pueblo o barrio, su historia y su forma de vivir. Cuidar y fortalecer este tejido es tambi\u00e9n cuidar nuestro municipio, reforzando el sentido de pertenencia y el compromiso con nuestros espacios comunes\u201d.<\/span><\/p>\n<p><span>La jornada fue valorada como un espacio muy positivo de encuentro, escucha y trabajo conjunto, en el que se avanz\u00f3 en una planificaci\u00f3n compartida para el a\u00f1o. Adem\u00e1s, las asociaciones acordaron una fecha para la celebraci\u00f3n del pr\u00f3ximo encuentro, consolidando as\u00ed el compromiso de seguir trabajando de manera coordinada.<\/span><\/p>\n<p><span>Desde el Ayuntamiento de Puerto del Rosario se agradece la implicaci\u00f3n de todas las asociaciones participantes y se reafirma el compromiso municipal de continuar impulsando el tejido asociativo como pieza clave para el desarrollo social, comunitario y participativo del municipio.<\/span><\/p>\n<\/div>\n","protected":false},"excerpt":{"rendered":"<p>En Puerto del Rosario, a 27 de abril de 2026.- El Ayuntamiento de Puerto del Rosario celebr\u00f3 el pasado viernes 24 de abril el IV Encuentro de Asociaciones en Casillas [&hellip;]<\/p>\n","protected":false},"author":1,"featured_media":20527,"comment_status":"open","ping_status":"open","sticky":false,"template":"","format":"standard","meta":{"inline_featured_image":false,"jnews-multi-image_gallery":[],"jnews_single_post":[],"jnews_primary_category":[],"jnews_social_meta":[],"jnews_override_counter":[],"jnews_post_split":[],"footnotes":""},"categories":[61],"tags":[],"class_list":["post-20525","post","type-post","status-publish","format-standard","has-post-thumbnail","hentry","category-puerto-del-rosario"],"jetpack_featured_media_url":"https:\/\/informacionlocal.es\/wp-content\/uploads\/2026\/04\/asociaciones.png","_links":{"self":[{"href":"https:\/\/informacionlocal.es\/de\/wp-json\/wp\/v2\/posts\/20525","targetHints":{"allow":["GET"]}}],"collection":[{"href":"https:\/\/informacionlocal.es\/de\/wp-json\/wp\/v2\/posts"}],"about":[{"href":"https:\/\/informacionlocal.es\/de\/wp-json\/wp\/v2\/types\/post"}],"author":[{"embeddable":true,"href":"https:\/\/informacionlocal.es\/de\/wp-json\/wp\/v2\/users\/1"}],"replies":[{"embeddable":true,"href":"https:\/\/informacionlocal.es\/de\/wp-json\/wp\/v2\/comments?post=20525"}],"version-history":[{"count":0,"href":"https:\/\/informacionlocal.es\/de\/wp-json\/wp\/v2\/posts\/20525\/revisions"}],"wp:featuredmedia":[{"embeddable":true,"href":"https:\/\/informacionlocal.es\/de\/wp-json\/wp\/v2\/media\/20527"}],"wp:attachment":[{"href":"https:\/\/informacionlocal.es\/de\/wp-json\/wp\/v2\/media?parent=20525"}],"wp:term":[{"taxonomy":"category","embeddable":true,"href":"https:\/\/informacionlocal.es\/de\/wp-json\/wp\/v2\/categories?post=20525"},{"taxonomy":"post_tag","embeddable":true,"href":"https:\/\/informacionlocal.es\/de\/wp-json\/wp\/v2\/tags?post=20525"}],"curies":[{"name":"wp","href":"https:\/\/api.w.org\/{rel}","templated":true}]}}