{"id":20519,"date":"2026-04-27T21:00:24","date_gmt":"2026-04-27T20:00:24","guid":{"rendered":"https:\/\/informacionlocal.es\/pajara-ejecuta-reparaciones-en-el-ceip-pajara-tras-detectarse-filtraciones-en-las-cubiertas\/"},"modified":"2026-04-27T21:00:24","modified_gmt":"2026-04-27T20:00:24","slug":"pajara-ejecuta-reparaciones-en-el-ceip-pajara-tras-detectarse-filtraciones-en-las-cubiertas","status":"publish","type":"post","link":"https:\/\/informacionlocal.es\/de\/pajara-ejecuta-reparaciones-en-el-ceip-pajara-tras-detectarse-filtraciones-en-las-cubiertas\/","title":{"rendered":"P\u00e1jara ejecuta reparaciones en el CEIP P\u00e1jara tras detectarse filtraciones en las cubiertas"},"content":{"rendered":"<div class=\"entry-content\">\n<p><b><i>Las actuaciones, iniciadas el 22 de abril, responden a problemas de humedad y desprendimientos derivados de las lluvias registradas en invierno<\/i><\/b><\/p>\n<p><span>El Ayuntamiento de P\u00e1jara ha llevado a cabo diferentes reparaciones en el CEIP P\u00e1jara tras detectarse filtraciones en las cubiertas. Las actuaciones, iniciadas el 22 de abril, responden a problemas de humedad y desprendimientos derivados de las lluvias registradas en invierno.<\/span><\/p>\n<p><span>Estas acciones han incluido la impermeabilizaci\u00f3n de las mismas, el saneado de los elementos deteriorados y la retirada de materiales sueltos. El objetivo es corregir las patolog\u00edas detectadas y evitar su evoluci\u00f3n hacia da\u00f1os de mayor entidad.<\/span><\/p>\n<p><span>El concejal de Urbanismo, Obras y responsable de la Oficina T\u00e9cnica, Alexis Alonso, indica que la intervenci\u00f3n se ha tramitado con car\u00e1cter prioritario tras la valoraci\u00f3n t\u00e9cnica de los da\u00f1os, al afectar a espacios de uso docente y existir riesgo de desprendimientos.<\/span><\/p>\n<p><span>Por su parte, la concejala de Educaci\u00f3n, Adelaida Batista, destaca la importancia de esta mejora y se\u00f1ala que permite \u201cdar respuesta a una necesidad real del centro y de las familias\u201d.<\/span><\/p>\n<p><span>En este sentido, el alcalde, Alejandro Jorge, subraya que \u201cla prioridad principal\u00a0 del grupo de gobierno es ofrecer instalaciones educativas de calidad para los m\u00e1s peque\u00f1os y peque\u00f1as del municipio, \u201ccon la finalidad de desarrollar su correcto aprendizaje\u201d, apunta.\u00a0<\/span><\/p>\n<p><span>El Consistorio contin\u00faa reforzando su apuesta por mejorar y renovar las infraestructuras de los pueblos de P\u00e1jara para poder ofrecer a la poblaci\u00f3n espacios de calidad sin riesgos para la salud.\u00a0<\/span><\/p>\n<\/div>\n","protected":false},"excerpt":{"rendered":"<p><i>Las actuaciones, iniciadas el 22 de abril, responden a problemas de humedad y desprendimientos derivados de las lluvias registradas en invierno<\/i><\/p>\n","protected":false},"author":1,"featured_media":20521,"comment_status":"open","ping_status":"open","sticky":false,"template":"","format":"standard","meta":{"inline_featured_image":false,"jnews-multi-image_gallery":[],"jnews_single_post":[],"jnews_primary_category":[],"jnews_social_meta":[],"jnews_override_counter":[],"jnews_post_split":[],"footnotes":""},"categories":[63],"tags":[73],"class_list":["post-20519","post","type-post","status-publish","format-standard","has-post-thumbnail","hentry","category-pajara","tag-educacion"],"jetpack_featured_media_url":"https:\/\/informacionlocal.es\/wp-content\/uploads\/2026\/04\/whatsapp-image-2026-04-27-at-13-37-34.jpeg","_links":{"self":[{"href":"https:\/\/informacionlocal.es\/de\/wp-json\/wp\/v2\/posts\/20519","targetHints":{"allow":["GET"]}}],"collection":[{"href":"https:\/\/informacionlocal.es\/de\/wp-json\/wp\/v2\/posts"}],"about":[{"href":"https:\/\/informacionlocal.es\/de\/wp-json\/wp\/v2\/types\/post"}],"author":[{"embeddable":true,"href":"https:\/\/informacionlocal.es\/de\/wp-json\/wp\/v2\/users\/1"}],"replies":[{"embeddable":true,"href":"https:\/\/informacionlocal.es\/de\/wp-json\/wp\/v2\/comments?post=20519"}],"version-history":[{"count":0,"href":"https:\/\/informacionlocal.es\/de\/wp-json\/wp\/v2\/posts\/20519\/revisions"}],"wp:featuredmedia":[{"embeddable":true,"href":"https:\/\/informacionlocal.es\/de\/wp-json\/wp\/v2\/media\/20521"}],"wp:attachment":[{"href":"https:\/\/informacionlocal.es\/de\/wp-json\/wp\/v2\/media?parent=20519"}],"wp:term":[{"taxonomy":"category","embeddable":true,"href":"https:\/\/informacionlocal.es\/de\/wp-json\/wp\/v2\/categories?post=20519"},{"taxonomy":"post_tag","embeddable":true,"href":"https:\/\/informacionlocal.es\/de\/wp-json\/wp\/v2\/tags?post=20519"}],"curies":[{"name":"wp","href":"https:\/\/api.w.org\/{rel}","templated":true}]}}