{"id":20507,"date":"2026-04-27T19:01:48","date_gmt":"2026-04-27T18:01:48","guid":{"rendered":"https:\/\/informacionlocal.es\/el-cabildo-publica-la-convocatoria-2026-2027-para-el-uso-de-sus-instalaciones-deportivas\/"},"modified":"2026-04-27T19:01:48","modified_gmt":"2026-04-27T18:01:48","slug":"el-cabildo-publica-la-convocatoria-2026-2027-para-el-uso-de-sus-instalaciones-deportivas","status":"publish","type":"post","link":"https:\/\/informacionlocal.es\/de\/el-cabildo-publica-la-convocatoria-2026-2027-para-el-uso-de-sus-instalaciones-deportivas\/","title":{"rendered":"\ufeffEl Cabildo publica la convocatoria 2026-2027 para el uso de sus instalaciones deportivas"},"content":{"rendered":"<div class=\"entry-content\"><strong>27 abril, 2026<\/strong><\/p>\n<p><strong>Las peticiones se pueden presentar del 27 de abril al 11 de mayo<\/strong><\/p>\n<p><strong>Como novedad, adem\u00e1s de la actividad federada habitual, se desarrollar\u00e1 la Campa\u00f1a\u00a0<em>\u201cEs Verano, Es Deporte 2026\u201d<\/em>\u00a0<\/strong><strong>gracias al contrato suscrito con Adisfuer<\/strong><\/p>\n<p>La Consejer\u00eda de Deportes del Cabildo de Fuerteventura, que dirige Luis Gonz\u00e1lez, comunica que desde hoy lunes 27 de abril se abre el plazo de solicitud de reserva de espacios para uso deportivo de las instalaciones gestionadas por el Servicio de Deportes de cara a la pr\u00f3xima temporada 2026-2027.<\/p>\n<p>Como novedad, adem\u00e1s de la actividad federada habitual, se desarrollar\u00e1 la Campa\u00f1a\u00a0<em>\u201cEs Verano, Es Deporte 2026\u201d<\/em>\u00a0facilitando el acceso a toda la ciudadan\u00eda a todas las instalaciones deportivas insulares, gracias al\u00a0contrato\u00a0suscrito con la Asociaci\u00f3n de Discapacitados de Fuerteventura (Adisfuer), que promueve igualmente la Consejer\u00eda de Deportes, permiti\u00e9ndose as\u00ed el correcto funcionamiento de las instalaciones deportivas de la Corporaci\u00f3n insular, al tiempo que se fomenta la integraci\u00f3n social y laboral de las personas trabajadoras.<\/p>\n<p>Las solicitudes se pueden presentar hasta el d\u00eda 11 de mayo inclusive y los espacios que se pueden pedir son el Centro Deportivo Insular `Francisco Meli\u00e1n\u00b4; Polideportivo Insular `Cabildo de Fuerteventura\u00b4; Centro N\u00e1utico Insular; Circuito Motocross `Isla de Fuerteventura\u00b4; y Oficinas de Gesti\u00f3n Deportiva de la Consejer\u00eda de Deportes.<\/p>\n<p>Como novedad, adem\u00e1s de la actividad federada habitual, se desarrolla la Campa\u00f1a\u00a0<em>\u201cEs Verano, Es Deporte 2026\u201d<\/em>,\u00a0facilitando el acceso, a toda la ciudadan\u00eda de la Isla, a todas las instalaciones deportivas insulares, favoreciendo especialmente la participaci\u00f3n de los siguientes destinatarios:<\/p>\n<ul>\n<li>Infancia y Adolescencia (8-17 a\u00f1os).<\/li>\n<\/ul>\n<ul>\n<li>J\u00f3venes y Adultos (18 a\u00f1os en adelante).<\/li>\n<\/ul>\n<ul>\n<li>Familiar o Social (familias y amigos).<\/li>\n<\/ul>\n<ul>\n<li>Colectivos\/Asociaciones\/Entidades Espec\u00edficos\/as.<\/li>\n<\/ul>\n<p>El Consejero de Deportes, Luis Gonz\u00e1lez, afirma que \u201cel objetivo es regular las condiciones de reserva y uso de los espacios disponibles, fomentando as\u00ed la pr\u00e1ctica deportiva con la novedad de que este a\u00f1o planteamos la dinamizaci\u00f3n de la Campa\u00f1a\u00a0<em>`Es Verano, Es Deporte 2026\u00b4<\/em>paratoda la ciudadan\u00eda, independientemente de que dispongan o no de licencia federativa\u201d. El Consejero Insular Delegado explica, adem\u00e1s, que \u201ccontinuamos colaborando con los ayuntamientos a trav\u00e9s de la ejecuci\u00f3n y licitaci\u00f3n de diversas obras\u201d.<\/p>\n<p>La solicitud de reserva de espacios para uso deportivo federado se formalizar\u00e1 mediante instancia que podr\u00e1 presentarse de manera telem\u00e1tica, junto con la documentaci\u00f3n requerida, en la Sede Electr\u00f3nica del Cabildo Insular, o en las dem\u00e1s formas previstas por la Ley.<\/p>\n<p>En dicha convocatoria deber\u00e1n tenerse en cuenta los siguientes plazos de car\u00e1cter general:<\/p>\n<p>Actividad federada regular y oficinas:<\/p>\n<ul>\n<li>Per\u00edodo de solicitud: Del 27 de abril al 11 de mayo de 2026 (ambos inclusive).<\/li>\n<\/ul>\n<ul>\n<li>Periodo de vigencia: Del 1 de agosto de 2026 al 30 de junio de 2027.<\/li>\n<\/ul>\n<p>Campa\u00f1a <em>\u201cEs Verano, Es Deporte 2026\u201d<\/em>\u00a0(actividad no federada):<\/p>\n<ul>\n<li>Per\u00edodo de solicitud: Por riguroso orden de llegada al centro deportivo demandado, el viernes anterior y a partir de las 16:00 h., de la semana en la que se pretenda participar.<\/li>\n<\/ul>\n<ul>\n<li>Periodo de vigencia: Del 01 y el 31 de julio de 2026 (ambos inclusive).<\/li>\n<\/ul>\n<p>Dicha intervenci\u00f3n se enmarca dentro de la estrategia deportiva insular eSPORTura25-35* como elemento trasversal para una mayor rentabilidad social de las instalaciones deportivas insulares, fomentando estilos de vida activos, favoreci\u00e9ndose as\u00ed generar bienestar f\u00edsico y mental, relaciones interpersonales, cohesi\u00f3n social, integraci\u00f3n y mejora de la calidad de vida en la ciudadan\u00eda de la Isla.<\/p>\n<p>Por otro lado, el pr\u00f3ximo 15 de mayo se publicar\u00e1n los calendarios de uso provisional. Posteriormente se abrir\u00e1 del 18 de mayo al 03 de junio, ambos inclusive, un per\u00edodo de subsanaci\u00f3n; el 19 de junio saldr\u00e1 el calendario definitivo y del 22 de junio al 06 de julio, ambos inclusive, ser\u00e1 el per\u00edodo de alegaciones.<\/p>\n<p>En virtud de la oportuna y necesaria cooperaci\u00f3n interadministrativa, la presente Convocatoria podr\u00e1 resolverse en coordinaci\u00f3n con el Servicio de Deportes del Ilmo. Ayuntamiento de Puerto del Rosario, con el objeto de racionalizar adecuadamente las solicitudes de espacios deportivos en las instalaciones deportivas dada la localizaci\u00f3n municipal de las mismas.<\/p>\n<p>Para obtener m\u00e1s informaci\u00f3n al respecto hay que dirigirse a la Consejer\u00eda de Deportes del Cabildo Insular, a trav\u00e9s del tel\u00e9fono 928 86 24 00 o acudiendo a sus dependencias, situadas en el n\u00famero 1 de la calle Doctor Fleming de Puerto del Rosario.<\/p>\n<p>El contenido de dicha convocatoria (requisitos, documentaci\u00f3n a presentar junto a la solicitud, etc.) se puede consultar en\u00a0www.cabildofuer.es, a trav\u00e9s del \u00e1rea tem\u00e1tica de Deportes \/ \u00c1rea de Infraestructuras.<\/p>\n<\/div>\n","protected":false},"excerpt":{"rendered":"<p>27 abril, 2026 Las peticiones se pueden presentar del 27 de abril al 11 de mayo Como novedad, adem\u00e1s de la actividad federada habitual, se desarrollar\u00e1 la Campa\u00f1a\u00a0\u201cEs Verano, Es [&hellip;]<\/p>\n","protected":false},"author":1,"featured_media":20509,"comment_status":"open","ping_status":"open","sticky":false,"template":"","format":"standard","meta":{"inline_featured_image":false,"jnews-multi-image_gallery":[],"jnews_single_post":[],"jnews_primary_category":[],"jnews_social_meta":[],"jnews_override_counter":[],"jnews_post_split":[],"footnotes":""},"categories":[58],"tags":[82,72],"class_list":["post-20507","post","type-post","status-publish","format-standard","has-post-thumbnail","hentry","category-cabildo","tag-fuerteventura","tag-integracion"],"jetpack_featured_media_url":"https:\/\/informacionlocal.es\/wp-content\/uploads\/2026\/04\/rtfh.jpeg","_links":{"self":[{"href":"https:\/\/informacionlocal.es\/de\/wp-json\/wp\/v2\/posts\/20507","targetHints":{"allow":["GET"]}}],"collection":[{"href":"https:\/\/informacionlocal.es\/de\/wp-json\/wp\/v2\/posts"}],"about":[{"href":"https:\/\/informacionlocal.es\/de\/wp-json\/wp\/v2\/types\/post"}],"author":[{"embeddable":true,"href":"https:\/\/informacionlocal.es\/de\/wp-json\/wp\/v2\/users\/1"}],"replies":[{"embeddable":true,"href":"https:\/\/informacionlocal.es\/de\/wp-json\/wp\/v2\/comments?post=20507"}],"version-history":[{"count":0,"href":"https:\/\/informacionlocal.es\/de\/wp-json\/wp\/v2\/posts\/20507\/revisions"}],"wp:featuredmedia":[{"embeddable":true,"href":"https:\/\/informacionlocal.es\/de\/wp-json\/wp\/v2\/media\/20509"}],"wp:attachment":[{"href":"https:\/\/informacionlocal.es\/de\/wp-json\/wp\/v2\/media?parent=20507"}],"wp:term":[{"taxonomy":"category","embeddable":true,"href":"https:\/\/informacionlocal.es\/de\/wp-json\/wp\/v2\/categories?post=20507"},{"taxonomy":"post_tag","embeddable":true,"href":"https:\/\/informacionlocal.es\/de\/wp-json\/wp\/v2\/tags?post=20507"}],"curies":[{"name":"wp","href":"https:\/\/api.w.org\/{rel}","templated":true}]}}