{"id":20501,"date":"2026-04-27T18:02:33","date_gmt":"2026-04-27T17:02:33","guid":{"rendered":"https:\/\/informacionlocal.es\/el-ayuntamiento-de-puerto-del-rosario-aclara-que-el-proceso-selectivo-de-tecnico-de-administracion-general-no-ha-sido-anulado\/"},"modified":"2026-04-27T18:02:33","modified_gmt":"2026-04-27T17:02:33","slug":"el-ayuntamiento-de-puerto-del-rosario-aclara-que-el-proceso-selectivo-de-tecnico-de-administracion-general-no-ha-sido-anulado","status":"publish","type":"post","link":"https:\/\/informacionlocal.es\/de\/el-ayuntamiento-de-puerto-del-rosario-aclara-que-el-proceso-selectivo-de-tecnico-de-administracion-general-no-ha-sido-anulado\/","title":{"rendered":"El Ayuntamiento de Puerto del Rosario aclara que el proceso selectivo de T\u00e9cnico de Administraci\u00f3n General no ha sido anulado"},"content":{"rendered":"<div class=\"entry-content\">\n<p>El Ayuntamiento de Puerto del Rosario, a trav\u00e9s de la concejal\u00eda de Contrataci\u00f3n y Personal que dirige Mar\u00eda Franco, desea aclarar diversas informaciones publicadas recientemente en relaci\u00f3n con los procesos selectivos en curso.<\/p>\n<p>En primer lugar, desde el Consistorio se subraya que <strong>actualmente se han impulsado todos los procesos selectivos correspondientes a la Oferta de Empleo P\u00fablico 2023<\/strong>, tras resoluciones judiciales favorables al Ayuntamiento respecto a las bases generales que rigen estos procedimientos. Dichas bases, adem\u00e1s, fueron negociadas y aprobadas en su momento por el propio sindicato que posteriormente ha interpuesto las demandas.<\/p>\n<p>En relaci\u00f3n con el proceso selectivo para plazas de T\u00e9cnico de Administraci\u00f3n General, el Ayuntamiento aclara que la resoluci\u00f3n judicial a la que se hace referencia <strong>no anula el procedimiento<\/strong>, sino que establece la necesidad de <strong>retrotraer las actuaciones a un momento concreto del proceso para subsanar un aspecto relativo a la composici\u00f3n del tribunal<\/strong>, concretamente en materia de paridad.<\/p>\n<p>Tal y como explica la concejala <strong>Mar\u00eda Franco<\/strong>, <em>\u201cnos encontramos ante una cuesti\u00f3n de interpretaci\u00f3n sobre el cumplimiento del principio de presencia equilibrada entre hombres y mujeres en el tribunal\u201d.<\/em> En este sentido, la Administraci\u00f3n local consider\u00f3 que dicho requisito se cumpl\u00eda en el conjunto de miembros (titulares y suplentes) con una composici\u00f3n equilibrada, cumpliendo adem\u00e1s con los criterios de especializaci\u00f3n exigidos por la normativa vigente.<\/p>\n<p>Sin embargo, la demanda presentada por el sindicato plantea una interpretaci\u00f3n distinta, al considerar que la paridad debe valorarse exclusivamente entre los miembros titulares del tribunal. El juzgado ha estimado esta interpretaci\u00f3n en primera instancia, limitando su resoluci\u00f3n <strong>\u00fanicamente a este aspecto concreto de la composici\u00f3n del tribunal<\/strong>, sin afectar al resto del procedimiento.<\/p>\n<p>Por tanto, el Ayuntamiento proceder\u00e1 a adaptar la composici\u00f3n del tribunal conforme a lo indicado judicialmente, lo que implicar\u00e1 la repetici\u00f3n del ejercicio, garantizando as\u00ed la plena seguridad jur\u00eddica del proceso.<\/p>\n<p><strong>En lo que respecta a las informaciones que apuntan a una supuesta <em>\u201ccadena de errores\u201d<\/em> o que cuestionan la limpieza y credibilidad de las oposiciones municipales, el Ayuntamiento rechaza de manera firme este tipo de afirmaciones.<\/strong><\/p>\n<p><strong>Estas manifestaciones no responden a la realidad y suponen un cuestionamiento injustificado de la profesionalidad, la imparcialidad y el trabajo riguroso de los empleados p\u00fablicos y de los miembros de los tribunales, que desempe\u00f1an su labor con absoluta transparencia y con pleno respeto a la legalidad.<\/strong><\/p>\n<p><strong>Desde esta Administraci\u00f3n no se va a permitir que se ponga en duda la integridad de quienes garantizan el correcto desarrollo de los procesos selectivos, ni que se genere desconfianza injustificada entre la ciudadan\u00eda.<\/strong><\/p>\n<p>Asimismo, se recuerda que <strong>a d\u00eda de hoy no consta ninguna denuncia en la Fiscal\u00eda contra el Ayuntamiento de Puerto del Rosario<\/strong> en relaci\u00f3n con estos procesos.<\/p>\n<p>El Ayuntamiento reafirma su compromiso con la transparencia, la igualdad de oportunidades y el estricto cumplimiento de la normativa en todos los procedimientos selectivos, trabajando para garantizar procesos justos, abiertos y con todas las garant\u00edas para los aspirantes.<\/p>\n<\/div>\n","protected":false},"excerpt":{"rendered":"<p>El Ayuntamiento de Puerto del Rosario, a trav\u00e9s de la concejal\u00eda de Contrataci\u00f3n y Personal que dirige Mar\u00eda Franco, desea aclarar diversas informaciones publicadas recientemente en relaci\u00f3n con los procesos [&hellip;]<\/p>\n","protected":false},"author":1,"featured_media":20503,"comment_status":"open","ping_status":"open","sticky":false,"template":"","format":"standard","meta":{"inline_featured_image":false,"jnews-multi-image_gallery":[],"jnews_single_post":[],"jnews_primary_category":[],"jnews_social_meta":[],"jnews_override_counter":[],"jnews_post_split":[],"footnotes":""},"categories":[61],"tags":[],"class_list":["post-20501","post","type-post","status-publish","format-standard","has-post-thumbnail","hentry","category-puerto-del-rosario"],"jetpack_featured_media_url":"https:\/\/informacionlocal.es\/wp-content\/uploads\/2026\/04\/proceso-selectivo-no-anulado-0426.jpg","_links":{"self":[{"href":"https:\/\/informacionlocal.es\/de\/wp-json\/wp\/v2\/posts\/20501","targetHints":{"allow":["GET"]}}],"collection":[{"href":"https:\/\/informacionlocal.es\/de\/wp-json\/wp\/v2\/posts"}],"about":[{"href":"https:\/\/informacionlocal.es\/de\/wp-json\/wp\/v2\/types\/post"}],"author":[{"embeddable":true,"href":"https:\/\/informacionlocal.es\/de\/wp-json\/wp\/v2\/users\/1"}],"replies":[{"embeddable":true,"href":"https:\/\/informacionlocal.es\/de\/wp-json\/wp\/v2\/comments?post=20501"}],"version-history":[{"count":0,"href":"https:\/\/informacionlocal.es\/de\/wp-json\/wp\/v2\/posts\/20501\/revisions"}],"wp:featuredmedia":[{"embeddable":true,"href":"https:\/\/informacionlocal.es\/de\/wp-json\/wp\/v2\/media\/20503"}],"wp:attachment":[{"href":"https:\/\/informacionlocal.es\/de\/wp-json\/wp\/v2\/media?parent=20501"}],"wp:term":[{"taxonomy":"category","embeddable":true,"href":"https:\/\/informacionlocal.es\/de\/wp-json\/wp\/v2\/categories?post=20501"},{"taxonomy":"post_tag","embeddable":true,"href":"https:\/\/informacionlocal.es\/de\/wp-json\/wp\/v2\/tags?post=20501"}],"curies":[{"name":"wp","href":"https:\/\/api.w.org\/{rel}","templated":true}]}}