{"id":20495,"date":"2026-04-27T17:03:21","date_gmt":"2026-04-27T16:03:21","guid":{"rendered":"https:\/\/informacionlocal.es\/juventud-abre-el-plazo-para-participar-el-programa-y-si-te-atreves\/"},"modified":"2026-04-27T17:03:21","modified_gmt":"2026-04-27T16:03:21","slug":"juventud-abre-el-plazo-para-participar-el-programa-y-si-te-atreves","status":"publish","type":"post","link":"https:\/\/informacionlocal.es\/de\/juventud-abre-el-plazo-para-participar-el-programa-y-si-te-atreves\/","title":{"rendered":"Juventud abre el plazo para participar el programa \u2018\u00bfY si te atreves?\u2019"},"content":{"rendered":"<div class=\"entry-content\">\n<p><b><i>El acceso de los j\u00f3venes al mundo del teatro viene a cubrir una demanda realizada a la Concejal\u00eda<\/i><\/b><\/p>\n<p><b><i>La actividad, dirigida a j\u00f3venes a partir de 12 a\u00f1os, se desarrollar\u00e1 desde el 4 de mayo hasta el 30 de diciembre de 2026 en P\u00e1jara, La Lajita, Costa Calma y Morro Jable<\/i><\/b><\/p>\n<p><span>El Ayuntamiento de P\u00e1jara, a trav\u00e9s de la concejal\u00eda de Juventud, ha abierto el plazo de inscripci\u00f3n para participar en el programa\u00a0 \u2018\u00bfY si te atreves?\u2019, dirigidas a j\u00f3venes a partir de 12 a\u00f1os. La actividad\u00a0 se desarrollar\u00e1 desde el 4 de mayo hasta el 30 de diciembre de 2026 en P\u00e1jara, La Lajita, Costa Calma y Morro Jable.<\/span><\/p>\n<p><span>El concejal de Juventud, Juan Jos\u00e9 Viera, pone en valor este tipo de iniciativas para incentivar la curiosidad y el acceso al teatro a la poblaci\u00f3n joven. \u201cEste es una de las iniciativas que nos han demandado, y que ahora es posible impulsar desde la concejal\u00eda de Juventud\u201d, se\u00f1ala.<\/span><\/p>\n<p><span>Adem\u00e1s, el concejal del \u00c1rea, destaca la transversalidqd de la propuesta \u201clo que pretendemos es que los j\u00f3venes puedan aprender esta materia y que las creaciones que realicen puedan exponerse en algunas de las actividades que organiza el propio ayuntamiento\u201d.<\/span><\/p>\n<p><span>Por su parte, el alcalde, Alejandro Jorge, considera fundamental que la concejal\u00eda de Juventud de respuesta a este tipo de peticiones \u201cel Ayuntamiento debe ser capaz de ofrecer m\u00faltiples opciones desde todas sus concejal\u00edas, y eso lo estamos haciendo\u201d.<\/span><\/p>\n<p><span>Las personas interesadas en inscribirse deber\u00e1n acceder a trav\u00e9s del c\u00f3digo qr o el enlace <\/span><span>https:\/\/docs.google.com\/forms\/d\/e\/1FAIpQLSebdFCfVqI5S1FueGye4NzawVUVHZBKFs8p-LgV4-25ywMPbw\/viewform<\/span><span>. Para m\u00e1s informaci\u00f3n, los interesados pueden ponerse en contacto con el Departamento de Juventud llamando a los tel\u00e9fonos 611 179 914 \/\u00a0 609 512 444\u00a0 o env\u00edando un mail a <\/span><span>oficinajamonypetazetas@gmail.com<\/span><span>.<\/span><\/p>\n<\/div>\n","protected":false},"excerpt":{"rendered":"<p><i>El acceso de los j\u00f3venes al mundo del teatro viene a cubrir una demanda realizada a la Concejal\u00eda<\/i><\/p>\n","protected":false},"author":1,"featured_media":20497,"comment_status":"open","ping_status":"open","sticky":false,"template":"","format":"standard","meta":{"inline_featured_image":false,"jnews-multi-image_gallery":[],"jnews_single_post":[],"jnews_primary_category":[],"jnews_social_meta":[],"jnews_override_counter":[],"jnews_post_split":[],"footnotes":""},"categories":[63],"tags":[],"class_list":["post-20495","post","type-post","status-publish","format-standard","has-post-thumbnail","hentry","category-pajara"],"jetpack_featured_media_url":"https:\/\/informacionlocal.es\/wp-content\/uploads\/2026\/04\/whatsapp-image-2026-04-24-at-10-22-57.jpeg","_links":{"self":[{"href":"https:\/\/informacionlocal.es\/de\/wp-json\/wp\/v2\/posts\/20495","targetHints":{"allow":["GET"]}}],"collection":[{"href":"https:\/\/informacionlocal.es\/de\/wp-json\/wp\/v2\/posts"}],"about":[{"href":"https:\/\/informacionlocal.es\/de\/wp-json\/wp\/v2\/types\/post"}],"author":[{"embeddable":true,"href":"https:\/\/informacionlocal.es\/de\/wp-json\/wp\/v2\/users\/1"}],"replies":[{"embeddable":true,"href":"https:\/\/informacionlocal.es\/de\/wp-json\/wp\/v2\/comments?post=20495"}],"version-history":[{"count":0,"href":"https:\/\/informacionlocal.es\/de\/wp-json\/wp\/v2\/posts\/20495\/revisions"}],"wp:featuredmedia":[{"embeddable":true,"href":"https:\/\/informacionlocal.es\/de\/wp-json\/wp\/v2\/media\/20497"}],"wp:attachment":[{"href":"https:\/\/informacionlocal.es\/de\/wp-json\/wp\/v2\/media?parent=20495"}],"wp:term":[{"taxonomy":"category","embeddable":true,"href":"https:\/\/informacionlocal.es\/de\/wp-json\/wp\/v2\/categories?post=20495"},{"taxonomy":"post_tag","embeddable":true,"href":"https:\/\/informacionlocal.es\/de\/wp-json\/wp\/v2\/tags?post=20495"}],"curies":[{"name":"wp","href":"https:\/\/api.w.org\/{rel}","templated":true}]}}