{"id":1958,"date":"2025-04-14T17:46:21","date_gmt":"2025-04-14T17:46:21","guid":{"rendered":"https:\/\/informacionlocal.es\/lokale-produkte-sport-und-gastronomie-werden-die-stars-von-paladea-2025-sein\/"},"modified":"2025-04-14T17:46:21","modified_gmt":"2025-04-14T17:46:21","slug":"lokale-produkte-sport-und-gastronomie-werden-die-stars-von-paladea-2025-sein","status":"publish","type":"post","link":"https:\/\/informacionlocal.es\/de\/lokale-produkte-sport-und-gastronomie-werden-die-stars-von-paladea-2025-sein\/","title":{"rendered":"Lokale Produkte, Sport und Gastronomie werden die Stars von PALADEA 2025 sein."},"content":{"rendered":"<p>Das Rathaus von La Oliva, durch die Sportabteilung, unter der Leitung von Gleiber Carre\u00f1o, pr\u00e4sentiert die neue Ausgabe von PALADEA Fuerteventura vom 7. bis 11. Mai. Organisiert vom Sportverein Caima und in Zusammenarbeit mit dem Cabildo von Fuerteventura, Promotur der Regierung der Kanarischen Inseln und dem Fremdenverkehrsamt von Fuerteventura, verspricht der Rat ein einzigartiges Erlebnis unter dem Motto &#8222;Produkte unseres Landes, die zum Verzehr da sind&#8220;.   <\/p>\n<p>Tradition und Kreativit\u00e4t werden f\u00fcr 5 Tage zu den Protagonisten der K\u00fcche, wo Gastronomie, Natur und Sport miteinander verschmelzen, um ein einzigartiges Ereignis auf der Insel zu schaffen. Was die Gastronomie betrifft, so bietet diese Ausgabe ein abwechslungsreiches Programm mit Showcookings und der Anwesenheit bekannter K\u00f6che wie Alberto Mar\u00edn am Freitag, den 9. Mai. Am Samstag, den 10. Mai, wird der mit einem Michelin-Stern ausgezeichnete Koch V\u00edctor Su\u00e1rez seine besten kulinarischen Techniken mit dem Publikum teilen, zusammen mit anderen bekannten Fachleuten wie \u00c1ngel Lirio, Yareli P\u00e9rez Vera und Jorge Carballeira. Dar\u00fcber hinaus wird Marcos Guti\u00e9rrez ein auf gesalzenen Fisch spezialisiertes Showcooking leiten.     <\/p>\n<p>Auch andere Aktivit\u00e4ten wie der Wettbewerb &#8222;Mojo pic\u00f3n&#8220; und der Eintopfwettbewerb &#8222;Puchero majorero&#8220; unter der Leitung des Verbands Fuertegourmet werden hervorstechen und traditionelle Rezepte, die an die Gerichte vergangener Zeiten erinnern, in den Mittelpunkt der Veranstaltung stellen. Im Rahmen der Veranstaltung findet auch der bekannte Tapas-Wettbewerb statt, bei dem Kreativit\u00e4t und Geschmack mit Preisen wie Tapa de Oro, Tapa de Plata, Tapa de Bronce und Tapa del P\u00fablico belohnt werden.   <\/p>\n<p>Die Veranstaltung bietet auch eine Ausstellung von Gofio-Pellets und einen Tag, der unseren \u00e4lteren Menschen gewidmet ist, an dem neue Versionen der \u00fcblichen lokalen Gerichte unter Verwendung von Null-Kilometer-Produkten angeboten werden. Es wird auch Aktivit\u00e4ten f\u00fcr Kinder geben, wie Kochworkshops in PALADEA Kid und gastronomische Erfahrungen f\u00fcr Grundsch\u00fcler durch PALADEA Colegios.   <\/p>\n<p>Auch die Getr\u00e4nke werden nicht zu kurz kommen, mit einer Verkostung von Victoria-Bier, Weinen der Weinkellereien Tindama de La Oliva, Arautaba aus Teneriffa und Piedras de San Pedro aus Riviera del Duero. PALADEA bietet au\u00dferdem eine Meisterklasse f\u00fcr Arehucas-Rum und einen Vortrag \u00fcber die Welt von Gin und Tonic von Royal Bliss Tonic an.   <\/p>\n<p>Im sportlichen Bereich gibt es verschiedene Veranstaltungen wie ein 44 km langes Mountainbike-Rennen, einen 32 km langen Trail, eine 10 km lange Wanderstrecke von Los Lajares nach Villaverde und zwei Parkour-Ausstellungen. Gleichzeitig werden auf dem Kunsthandwerkermarkt lokale Produkte und handwerkliche Kreationen angeboten. Zum Abschluss wird die Atmosph\u00e4re von Live-Musik umh\u00fcllt sein, an der unter anderem Gruppen wie Los 600, Los Aseres, Escuela de Calor, Dj Maxi und Tributo a Sabina &#8211; 500 Noches Banda teilnehmen.  <\/p>\n<p>Der B\u00fcrgermeister von La Oliva, Isa\u00ed Blanco, hebt die Bedeutung hervor, die die Veranstaltung in den letzten Jahren erlangt hat: &#8222;PALADEA hat es geschafft, eine Referenz im Bereich der Gastronomie und des Sports nicht nur auf der Insel, sondern auch in der Provinz Las Palmas zu werden. Aus diesem Grund halten wir es f\u00fcr \u00e4u\u00dferst wichtig, unsere kulinarischen Traditionen, die lokalen Produkte und unsere Sportler mit einer einzigartigen Veranstaltung in unserer Gemeinde zu unterst\u00fctzen&#8220;.<\/p>\n<p>Die Pr\u00e4sidentin der Inselregierung von Fuerteventura, Lola Garc\u00eda, hob ihrerseits die Mitarbeit der Inselregierung von Fuerteventura an einer bereits konsolidierten Veranstaltung hervor, die Sport mit Musik und guter Gastronomie verbindet. &#8222;Wir sind stolz darauf, die gesamte Bev\u00f6lkerung einzuladen, das Beste unserer lokalen Produkte zu probieren&#8220;. <\/p>\n<p>Der Stadtrat f\u00fcr Sport, Gleiber Carre\u00f1o, betont schlie\u00dflich: &#8222;PALADEA legt den Schwerpunkt auf den Sport in La Oliva und verfolgt dabei den Ansatz, den Sporttourismus in der Gemeinde zu f\u00f6rdern. Ziel ist es, einmal mehr daran zu erinnern, dass der Sport und die Freude an unseren Traditionen Teil der DNA von La Oliva sind&#8220;.<\/p>\n","protected":false},"excerpt":{"rendered":"<p><span>Unter dem Motto &#8222;Produkte unseres Landes, die dazu da sind, gegessen zu werden&#8220; wirbt das Konsistorium f\u00fcr die sechste Auflage der bereits konsolidierten Veranstaltung, die verspricht, weiterhin mit dem Besten aus Tradition und Innovation im kulinarischen und sportlichen Bereich der Gemeinde ihre Spuren zu hinterlassen.<\/span><\/p>\n","protected":false},"author":1,"featured_media":1955,"comment_status":"open","ping_status":"open","sticky":false,"template":"","format":"standard","meta":{"inline_featured_image":false,"jnews-multi-image_gallery":[],"jnews_single_post":[],"jnews_primary_category":[],"jnews_social_meta":[],"jnews_override_counter":[],"jnews_post_split":[],"footnotes":""},"categories":[291],"tags":[216],"class_list":["post-1958","post","type-post","status-publish","format-standard","has-post-thumbnail","hentry","category-la-oliva-de","tag-fuerteventura-de"],"jetpack_featured_media_url":"https:\/\/informacionlocal.es\/wp-content\/uploads\/2025\/04\/5188_e17e8247.png","_links":{"self":[{"href":"https:\/\/informacionlocal.es\/de\/wp-json\/wp\/v2\/posts\/1958","targetHints":{"allow":["GET"]}}],"collection":[{"href":"https:\/\/informacionlocal.es\/de\/wp-json\/wp\/v2\/posts"}],"about":[{"href":"https:\/\/informacionlocal.es\/de\/wp-json\/wp\/v2\/types\/post"}],"author":[{"embeddable":true,"href":"https:\/\/informacionlocal.es\/de\/wp-json\/wp\/v2\/users\/1"}],"replies":[{"embeddable":true,"href":"https:\/\/informacionlocal.es\/de\/wp-json\/wp\/v2\/comments?post=1958"}],"version-history":[{"count":0,"href":"https:\/\/informacionlocal.es\/de\/wp-json\/wp\/v2\/posts\/1958\/revisions"}],"wp:featuredmedia":[{"embeddable":true,"href":"https:\/\/informacionlocal.es\/de\/wp-json\/wp\/v2\/media\/1955"}],"wp:attachment":[{"href":"https:\/\/informacionlocal.es\/de\/wp-json\/wp\/v2\/media?parent=1958"}],"wp:term":[{"taxonomy":"category","embeddable":true,"href":"https:\/\/informacionlocal.es\/de\/wp-json\/wp\/v2\/categories?post=1958"},{"taxonomy":"post_tag","embeddable":true,"href":"https:\/\/informacionlocal.es\/de\/wp-json\/wp\/v2\/tags?post=1958"}],"curies":[{"name":"wp","href":"https:\/\/api.w.org\/{rel}","templated":true}]}}