{"id":1946,"date":"2025-04-14T17:42:13","date_gmt":"2025-04-14T17:42:13","guid":{"rendered":"https:\/\/informacionlocal.es\/puerto-del-rosario-klaert-das-gerichtsurteil-ueber-das-grundstueck-von-el-matorral\/"},"modified":"2025-04-14T17:42:13","modified_gmt":"2025-04-14T17:42:13","slug":"puerto-del-rosario-klaert-das-gerichtsurteil-ueber-das-grundstueck-von-el-matorral","status":"publish","type":"post","link":"https:\/\/informacionlocal.es\/de\/puerto-del-rosario-klaert-das-gerichtsurteil-ueber-das-grundstueck-von-el-matorral\/","title":{"rendered":"Puerto del Rosario kl\u00e4rt das Gerichtsurteil \u00fcber das Grundst\u00fcck von El Matorral"},"content":{"rendered":"<div class=\"entry-content\">\n<p>In Anbetracht der k\u00fcrzlich ver\u00f6ffentlichten Informationen \u00fcber das Urteil bez\u00fcglich des Grundst\u00fccks von El Matorral m\u00f6chte die Stadtverwaltung von Puerto del Rosario den B\u00fcrgern eine ruhige und strenge Kl\u00e4rung der Fakten bieten, indem sie diese Frage in ihren historischen und administrativen Kontext einordnet.<\/p>\n<p>Die Inanspruchnahme des betroffenen Gel\u00e4ndes &#8211; mit einer Gesamtfl\u00e4che von ca. 10.000 m\u00b2 &#8211; erfolgte in zwei Phasen: die erste in den 1990er Jahren w\u00e4hrend des Baus mehrerer Stra\u00dfen, die im Teilplan &#8222;El Matorral&#8220; enthalten waren, und die zweite zwischen 2001 und 2004, die f\u00fcr Freifl\u00e4chen und \u00f6ffentliche Bereiche bestimmt war, darunter der heutige Stadtpark El Matorral. Die Ma\u00dfnahmen wurden im Rahmen der Projekte durchgef\u00fchrt, die in den damaligen st\u00e4dtischen Infrastrukturpl\u00e4nen vorgesehen waren. <\/p>\n<p>Es ist wichtig darauf hinzuweisen, dass, obwohl die betroffene Fl\u00e4che insgesamt etwa 10.000 m\u00b2 betrug, die letztendlich als bewohnt anerkannte Fl\u00e4che 6.517 m\u00b2 betr\u00e4gt, da die als Zwangsabtretung betrachteten Stra\u00dfen nicht ber\u00fccksichtigt wurden.<\/p>\n<p>Das Verfahren wurde mit einer wirtschaftlichen Bewertung in H\u00f6he von 4.684.558,70 Euro in Anwendung des Gesetzes \u00fcber die Zwangsenteignung, einschlie\u00dflich der 5 % des Zuneigungspreises, abgeschlossen. Mit diesem Beschluss wird ein Rechtsstreit beendet, der sich \u00fcber mehr als zwei Jahrzehnte hinzog und im Jahr 2004, dem Zeitpunkt der f\u00f6rmlichen Abnahme der Arbeiten, begann. <\/p>\n<p><strong>David de Vera, B\u00fcrgermeister von Puerto del Rosario<\/strong>, sagte:  <em>&#8222;Dieser Stadtrat akzeptiert die gerichtliche Entscheidung mit Respekt. Es handelt sich hier um ein ererbtes Verfahren, das mit st\u00e4dtebaulichen Entscheidungen und Ma\u00dfnahmen verbunden ist, die mehr als ein Jahrhundert zur\u00fcckreichen.   <\/em><em>zwanzig Jahren. Wir verpflichten uns, weiterhin verantwortungsbewusst zu arbeiten und nach L\u00f6sungen zu suchen, die das Allgemeininteresse, die Transparenz der Verwaltung und die Effizienz bei der Verwendung \u00f6ffentlicher Mittel gew\u00e4hrleisten&#8220;. <\/em><\/p>\n<p><em> <\/em>Der <strong>Stadtrat f\u00fcr Wirtschaft und Finanzen, Juan Manuel Verdugo<\/strong>, f\u00fcgte hinzu, dass <em>&#8222;der Stadtrat in den n\u00e4chsten Tagen die Verwaltungsma\u00dfnahmen durchf\u00fchren wird, die zur Zahlung des im Urteil festgesetzten Kapitals f\u00fchren, unbeschadet des Rechts, gegen die Festsetzung der im Urteil festgesetzten Zinsen Berufung einzulegen, was derzeit von den Rechtsdiensten gepr\u00fcft wird. Dieser Beschluss gef\u00e4hrdet nicht die kommunalen Finanzen, die \u00fcber liquide \u00dcbersch\u00fcsse verf\u00fcgen, auch wenn nicht \u00fcbersehen werden darf, dass dies einen erheblichen Entzug von Mitteln f\u00fcr k\u00fcnftige Projekte bedeutet&#8220;.<\/em><\/p>\n<p>Die Regierungsgruppe hat diese Frage von Anfang an im Geiste der Zusammenarbeit und mit dem Ziel angepackt, die Interessen der Gemeinde zu verteidigen. Der Stadtrat hat diese Entsch\u00e4digung bereits in den kommunalen Haushalten ber\u00fccksichtigt, erw\u00e4gt jedoch, wegen der H\u00f6he der Zinsen den Obersten Gerichtshof anzurufen. <\/p>\n<\/div>\n","protected":false},"excerpt":{"rendered":"<p>In Anbetracht der k\u00fcrzlich ver\u00f6ffentlichten Informationen \u00fcber das Urteil bez\u00fcglich des Grundst\u00fccks von El Matorral m\u00f6chte die Stadtverwaltung von Puerto del Rosario den B\u00fcrgern eine ruhige und strenge Kl\u00e4rung der [&hellip;]<\/p>\n","protected":false},"author":1,"featured_media":1943,"comment_status":"open","ping_status":"open","sticky":false,"template":"","format":"standard","meta":{"inline_featured_image":false,"jnews-multi-image_gallery":[],"jnews_single_post":[],"jnews_primary_category":[],"jnews_social_meta":[],"jnews_override_counter":[],"jnews_post_split":[],"footnotes":""},"categories":[293],"tags":[],"class_list":["post-1946","post","type-post","status-publish","format-standard","has-post-thumbnail","hentry","category-puerto-del-rosario-de"],"jetpack_featured_media_url":"https:\/\/informacionlocal.es\/wp-content\/uploads\/2025\/04\/matorral-titu-sentencia.jpg","_links":{"self":[{"href":"https:\/\/informacionlocal.es\/de\/wp-json\/wp\/v2\/posts\/1946","targetHints":{"allow":["GET"]}}],"collection":[{"href":"https:\/\/informacionlocal.es\/de\/wp-json\/wp\/v2\/posts"}],"about":[{"href":"https:\/\/informacionlocal.es\/de\/wp-json\/wp\/v2\/types\/post"}],"author":[{"embeddable":true,"href":"https:\/\/informacionlocal.es\/de\/wp-json\/wp\/v2\/users\/1"}],"replies":[{"embeddable":true,"href":"https:\/\/informacionlocal.es\/de\/wp-json\/wp\/v2\/comments?post=1946"}],"version-history":[{"count":0,"href":"https:\/\/informacionlocal.es\/de\/wp-json\/wp\/v2\/posts\/1946\/revisions"}],"wp:featuredmedia":[{"embeddable":true,"href":"https:\/\/informacionlocal.es\/de\/wp-json\/wp\/v2\/media\/1943"}],"wp:attachment":[{"href":"https:\/\/informacionlocal.es\/de\/wp-json\/wp\/v2\/media?parent=1946"}],"wp:term":[{"taxonomy":"category","embeddable":true,"href":"https:\/\/informacionlocal.es\/de\/wp-json\/wp\/v2\/categories?post=1946"},{"taxonomy":"post_tag","embeddable":true,"href":"https:\/\/informacionlocal.es\/de\/wp-json\/wp\/v2\/tags?post=1946"}],"curies":[{"name":"wp","href":"https:\/\/api.w.org\/{rel}","templated":true}]}}