{"id":1934,"date":"2025-04-14T17:37:18","date_gmt":"2025-04-14T17:37:18","guid":{"rendered":"https:\/\/informacionlocal.es\/mehr-als-300-kinder-aus-pajara-lernen-im-rahmen-des-projekts-el-rincon-de-los-buenos-tratos-die-ecke-des-guten-umgangs-wie-man-gut-mit-anderen-zusammenlebt\/"},"modified":"2025-04-14T17:37:18","modified_gmt":"2025-04-14T17:37:18","slug":"mehr-als-300-kinder-aus-pajara-lernen-im-rahmen-des-projekts-el-rincon-de-los-buenos-tratos-die-ecke-des-guten-umgangs-wie-man-gut-mit-anderen-zusammenlebt","status":"publish","type":"post","link":"https:\/\/informacionlocal.es\/de\/mehr-als-300-kinder-aus-pajara-lernen-im-rahmen-des-projekts-el-rincon-de-los-buenos-tratos-die-ecke-des-guten-umgangs-wie-man-gut-mit-anderen-zusammenlebt\/","title":{"rendered":"Mehr als 300 Kinder aus P\u00e1jara lernen im Rahmen des Projekts &#8222;El Rinc\u00f3n de los Buenos Tratos&#8220; (Die Ecke des guten Umgangs), wie man gut mit anderen zusammenlebt."},"content":{"rendered":"<div class=\"entry-content\">\n<p><b><i>Stadtr\u00e4tin Kathaisa Rodr\u00edguez engagiert sich f\u00fcr Pr\u00e4vention und emotionale Erziehung als Grundlage f\u00fcr eine gewaltfreie Gesellschaft  <\/i><\/b><\/p>\n<p><span>Die Stadtverwaltung von P\u00e1jara hat \u00fcber die Abteilung f\u00fcr soziale Dienste und ihr Frauenprogramm das Projekt &#8222;El Rinc\u00f3n de los Buenos Tratos&#8220; (Die Ecke der guten Behandlung) erfolgreich abgeschlossen, eine Initiative zur Gewaltpr\u00e4vention, die in den Schulen der Gemeinde durchgef\u00fchrt wurde und die vom Staatspakt gegen geschlechtsspezifische Gewalt finanziert wurde.  <\/span><\/p>\n<p><span>Die Stadtr\u00e4tin f\u00fcr soziale Dienste, Kathaisa Rodr\u00edguez, betonte, dass wir uns mit diesem Projekt &#8222;f\u00fcr die Pr\u00e4vention als grundlegendes Instrument f\u00fcr den Aufbau einer gerechteren, egalit\u00e4ren und gewaltfreien Gesellschaft einsetzen&#8220;. Sie wies auch darauf hin, dass &#8222;314 Jugendliche aus den sechs Kinderg\u00e4rten und Grundschulen der Gemeinde sowie der Sekundarschule an den Workshops teilgenommen haben&#8220;. <\/span><\/p>\n<p><span>Die Stadtr\u00e4tin bekr\u00e4ftigte auch das Engagement der Regierung f\u00fcr Kinder und Jugendliche in der Gemeinde. &#8222;Durch Initiativen, die Empathie, Selbstwertgef\u00fchl und Respekt st\u00e4rken. Projekte wie dieses st\u00e4rken die Grundlagen f\u00fcr eine egalit\u00e4rere und gewaltfreie Gesellschaft&#8220;, sagte sie.   <\/span><\/p>\n<p><span>Die Aktivit\u00e4t wurde von Marta Caballero, der Leiterin von &#8222;Un lugar en calma&#8220;, geleitet und umfasste die aktive Teilnahme von Frauen aus der Gemeinde, die den Sch\u00fclern ihre Erfahrungen dar\u00fcber mitteilten, wie die Beziehungen und das Gemeinschaftsleben in anderen Zeiten aussahen. Diese Frauen waren Mar\u00eda Franc\u00e9s Morales, Juana P\u00e9rez Hern\u00e1ndez, Josefa Ramos Betancor, Rosario Rodr\u00edguez Placeres, Mar\u00eda Cayetana Rodr\u00edguez Rodr\u00edguez, Juana Cabrera Cabrera und Mar\u00eda del Pilar Vega Santana.   <\/span><\/p>\n<p><span>Das Ministerium hebt hervor, dass dieses Projekt von Sch\u00fclern, Lehrern und Familien sehr gut aufgenommen wurde und sich &#8222;El Rinc\u00f3n de los Buenos Tratos&#8220; als wirksames Instrument f\u00fcr Pr\u00e4vention, Ausbildung und Sensibilisierung bew\u00e4hrt hat.  <\/span><\/p>\n<div>Teilen Sie<\/div>\n<\/div>\n","protected":false},"excerpt":{"rendered":"<p><i>Stadtr\u00e4tin Kathaisa Rodr\u00edguez engagiert sich f\u00fcr Pr\u00e4vention und emotionale Erziehung als Grundlage f\u00fcr eine gewaltfreie Gesellschaft  <\/i><\/p>\n","protected":false},"author":1,"featured_media":1931,"comment_status":"open","ping_status":"open","sticky":false,"template":"","format":"standard","meta":{"inline_featured_image":false,"jnews-multi-image_gallery":[],"jnews_single_post":[],"jnews_primary_category":[],"jnews_social_meta":[],"jnews_override_counter":[],"jnews_post_split":[],"footnotes":""},"categories":[297],"tags":[306],"class_list":["post-1934","post","type-post","status-publish","format-standard","has-post-thumbnail","hentry","category-pajara-de","tag-educacion-de"],"jetpack_featured_media_url":"https:\/\/informacionlocal.es\/wp-content\/uploads\/2025\/04\/el-rincon-de-los-buenos-tratos-2-e1744629356758.png","_links":{"self":[{"href":"https:\/\/informacionlocal.es\/de\/wp-json\/wp\/v2\/posts\/1934","targetHints":{"allow":["GET"]}}],"collection":[{"href":"https:\/\/informacionlocal.es\/de\/wp-json\/wp\/v2\/posts"}],"about":[{"href":"https:\/\/informacionlocal.es\/de\/wp-json\/wp\/v2\/types\/post"}],"author":[{"embeddable":true,"href":"https:\/\/informacionlocal.es\/de\/wp-json\/wp\/v2\/users\/1"}],"replies":[{"embeddable":true,"href":"https:\/\/informacionlocal.es\/de\/wp-json\/wp\/v2\/comments?post=1934"}],"version-history":[{"count":0,"href":"https:\/\/informacionlocal.es\/de\/wp-json\/wp\/v2\/posts\/1934\/revisions"}],"wp:featuredmedia":[{"embeddable":true,"href":"https:\/\/informacionlocal.es\/de\/wp-json\/wp\/v2\/media\/1931"}],"wp:attachment":[{"href":"https:\/\/informacionlocal.es\/de\/wp-json\/wp\/v2\/media?parent=1934"}],"wp:term":[{"taxonomy":"category","embeddable":true,"href":"https:\/\/informacionlocal.es\/de\/wp-json\/wp\/v2\/categories?post=1934"},{"taxonomy":"post_tag","embeddable":true,"href":"https:\/\/informacionlocal.es\/de\/wp-json\/wp\/v2\/tags?post=1934"}],"curies":[{"name":"wp","href":"https:\/\/api.w.org\/{rel}","templated":true}]}}