{"id":1923,"date":"2025-04-14T17:34:59","date_gmt":"2025-04-14T17:34:59","guid":{"rendered":"https:\/\/informacionlocal.es\/umfangreiches-kulturprogramm-waehrend-der-literarischen-woche-in-la-oliva\/"},"modified":"2025-04-14T17:34:59","modified_gmt":"2025-04-14T17:34:59","slug":"umfangreiches-kulturprogramm-waehrend-der-literarischen-woche-in-la-oliva","status":"publish","type":"post","link":"https:\/\/informacionlocal.es\/de\/umfangreiches-kulturprogramm-waehrend-der-literarischen-woche-in-la-oliva\/","title":{"rendered":"Umfangreiches Kulturprogramm w\u00e4hrend der Literarischen Woche in La Oliva"},"content":{"rendered":"<p>Das Rathaus von La Oliva pr\u00e4sentiert \u00fcber die Abteilung f\u00fcr Kultur unter der Leitung von David Hern\u00e1ndez und in Zusammenarbeit mit dem Kanarischen Institut f\u00fcr kulturelle Entwicklung das Kulturprogramm f\u00fcr die Woche des Buches. Vom 21. bis 27. April wird die Gemeinde mit einer Vielzahl von Aktivit\u00e4ten gef\u00fcllt sein, die das Lesen und die Liebe zu B\u00fcchern f\u00fcr alle Altersgruppen f\u00f6rdern sollen. So sind Angebote wie das Theaterst\u00fcck &#8222;Panza de Burro&#8220; des Ensembles Deliriumteatro, der Workshop &#8222;Neurocuentos&#8220; von Javier Bolea oder das Kindertheater &#8222;Flores \u00bfA qu\u00e9 suena la naturaleza?&#8220; f\u00fcr Kinder ab 0 Jahren der Produktionsfirma Vanboon Producciones einige der Aktivit\u00e4ten, die w\u00e4hrend dieser der Liebe zur Literatur gewidmeten Woche angeboten werden.  <\/p>\n<p>Weitere H\u00f6hepunkte sind die Show &#8222;Chiquitita de musical ABBA de Coraz\u00f3n Azul&#8220; sowie die Pr\u00e4sentation des Buches &#8222;El noble arte de morir&#8220; von Esteban San Juan. Dar\u00fcber hinaus wird diese Woche von den Kulturzentren der Gemeinde durch ein umfangreiches Programm an Aktivit\u00e4ten wie Ausstellungen, Workshops und Meisterklassen f\u00fcr Schriftsteller u.a. begleitet.   <\/p>\n<p>Der B\u00fcrgermeister von La Oliva, Isa\u00ed Blanco, sagt: &#8222;Die Literaturwoche ist eine gro\u00dfartige Gelegenheit, die Literatur zu genie\u00dfen. Das breite Spektrum an kulturellen Aktivit\u00e4ten, die von der Kulturabteilung angeboten werden, f\u00f6rdert die Lust am Lesen von den J\u00fcngsten bis zu den Erwachsenen. Deshalb m\u00f6chten wir alle Einwohner der Gemeinde ermutigen, an einer der Veranstaltungen teilzunehmen, um die Welt der Literatur kennenzulernen und weiter zu f\u00f6rdern&#8220;.<\/p>\n<p>Der Stadtrat f\u00fcr Kultur, David Hern\u00e1ndez, sagte: &#8222;Die Woche des Buches ist eine Gelegenheit, unsere Begeisterung f\u00fcr die Literatur zu teilen, neue Autoren und neue Vorschl\u00e4ge zu entdecken und zu sehen, dass sich immer mehr Menschen f\u00fcr Literatur interessieren. Diese Veranstaltung findet in verschiedenen kulturellen R\u00e4umen wie dem Auditorium der Stadt Corralejo, der Stadtbibliothek von Corralejo, Kulturzentren usw. statt, um die Pr\u00e4senz in unseren \u00f6ffentlichen R\u00e4umen zu f\u00f6rdern und die Kultur in unserer Gesellschaft zu verbreiten&#8220;.  <\/p>\n<p>Bitte beachten Sie, dass die Anzahl der Pl\u00e4tze f\u00fcr die Auff\u00fchrungen begrenzt ist. F\u00fcr weitere Informationen \u00fcber Eintrittskarten und das Kulturprogramm wenden Sie sich bitte direkt an die Kulturabteilung des Rathauses von La Oliva. <\/p>\n","protected":false},"excerpt":{"rendered":"<p><span>Das Konsistorium pr\u00e4sentiert ein Plakat mit verschiedenen Veranstaltungen und Aktivit\u00e4ten f\u00fcr alle Zielgruppen anl\u00e4sslich des Tages des Buches.<\/span><\/p>\n","protected":false},"author":1,"featured_media":1919,"comment_status":"open","ping_status":"open","sticky":false,"template":"","format":"standard","meta":{"inline_featured_image":false,"jnews-multi-image_gallery":[],"jnews_single_post":[],"jnews_primary_category":[],"jnews_social_meta":[],"jnews_override_counter":[],"jnews_post_split":[],"footnotes":""},"categories":[291],"tags":[],"class_list":["post-1923","post","type-post","status-publish","format-standard","has-post-thumbnail","hentry","category-la-oliva-de"],"jetpack_featured_media_url":"https:\/\/informacionlocal.es\/wp-content\/uploads\/2025\/04\/5187_22db8aec.png","_links":{"self":[{"href":"https:\/\/informacionlocal.es\/de\/wp-json\/wp\/v2\/posts\/1923","targetHints":{"allow":["GET"]}}],"collection":[{"href":"https:\/\/informacionlocal.es\/de\/wp-json\/wp\/v2\/posts"}],"about":[{"href":"https:\/\/informacionlocal.es\/de\/wp-json\/wp\/v2\/types\/post"}],"author":[{"embeddable":true,"href":"https:\/\/informacionlocal.es\/de\/wp-json\/wp\/v2\/users\/1"}],"replies":[{"embeddable":true,"href":"https:\/\/informacionlocal.es\/de\/wp-json\/wp\/v2\/comments?post=1923"}],"version-history":[{"count":0,"href":"https:\/\/informacionlocal.es\/de\/wp-json\/wp\/v2\/posts\/1923\/revisions"}],"wp:featuredmedia":[{"embeddable":true,"href":"https:\/\/informacionlocal.es\/de\/wp-json\/wp\/v2\/media\/1919"}],"wp:attachment":[{"href":"https:\/\/informacionlocal.es\/de\/wp-json\/wp\/v2\/media?parent=1923"}],"wp:term":[{"taxonomy":"category","embeddable":true,"href":"https:\/\/informacionlocal.es\/de\/wp-json\/wp\/v2\/categories?post=1923"},{"taxonomy":"post_tag","embeddable":true,"href":"https:\/\/informacionlocal.es\/de\/wp-json\/wp\/v2\/tags?post=1923"}],"curies":[{"name":"wp","href":"https:\/\/api.w.org\/{rel}","templated":true}]}}