{"id":18772,"date":"2026-03-17T16:03:15","date_gmt":"2026-03-17T16:03:15","guid":{"rendered":"https:\/\/informacionlocal.es\/el-taller-creativo-de-pintura-textil-visita-este-viernes-valles-de-ortega\/"},"modified":"2026-03-17T16:03:15","modified_gmt":"2026-03-17T16:03:15","slug":"el-taller-creativo-de-pintura-textil-visita-este-viernes-valles-de-ortega","status":"publish","type":"post","link":"https:\/\/informacionlocal.es\/de\/el-taller-creativo-de-pintura-textil-visita-este-viernes-valles-de-ortega\/","title":{"rendered":"El Taller Creativo de Pintura Textil visita este viernes Valles de Ortega"},"content":{"rendered":"<div class=\"elementor-widget-container\">\n<p><strong>El Taller Creativo de Pintura Textil visita este viernes Valles de Ortega<\/strong><\/p>\n<p><strong>\u2022 El Taller Creativo de Pintura Textil prosigue este viernes en el centro cultural de Valles de Ortega en horario de 17:30 a 20:30 horas. <\/strong><br \/><strong>\u2022 El Taller es itinerante y tras su \u00e9xito en Triquivijate, continua este viernes en Valles de Ortega para continuar despu\u00e9s en el Centro de Juventud de Antigua, centro cultural de Caleta de Fuste, finalizando en Agua de Bueyes. <\/strong><br \/><strong>\u2022 Plazas limitadas e inscripci\u00f3n gratuita por Registro de Entrada en el Ayuntamiento de Antigua, Tenencia de Alcald\u00eda en Caleta de Fuste o por sede electr\u00f3nica en www.ayto-antigua.es<\/strong><\/p>\n<p>El Ayuntamiento de Antigua desde la concejal\u00eda de Juventud organiza el Taller Creativo de Pintura Textil, una propuesta de ocio y formaci\u00f3n dirigida preferentemente a j\u00f3venes y adultos, entre 12 y 30 a\u00f1os.<\/p>\n<p>Una iniciativa que busca extender la oferta juvenil, facilitando la inscripci\u00f3n gratuita a este Taller creativo y formativo que se imparte en diferentes pueblos y localidades del Municipio, se\u00f1ala el alcalde, Mat\u00edas Pe\u00f1a Garc\u00eda, ya fue un \u00e9xito en Triquivijate y contin\u00faa este viernes en Valles de Ortega.<\/p>\n<p>El concejal de Juventud, Pedro M. Armas Mart\u00edn, felicita la cercan\u00eda mostrada en el primer taller organizado en Triquivijate, por la artista dise\u00f1adora, Ver\u00f3nica Matoso Vera, que imparte los cursos, dando todo tipo de facilidades e ideas a todos y todas las asistentes.<\/p>\n<p>Queremos que los participantes descubran que el arte puede ser una herramienta cotidiana para la expresi\u00f3n personal, se\u00f1ala el concejal de Juventud, Pedro M. Armas Mart\u00edn, aprendiendo tambi\u00e9n a dar una segunda vida a sus prendas.<\/p>\n<p>Recuerda el concejal que la inscripci\u00f3n es gratuita y debe formalizarse por Registro de Entrada, imparti\u00e9ndose el primer Taller Creativo de Pintura Textil, este viernes 13 en Triquivijate de 17:30 a 20:30 horas.<\/p>\n<\/div>\n","protected":false},"excerpt":{"rendered":"<p><strong>El Taller Creativo de Pintura Textil visita este viernes Valles de Ortega<\/strong><\/p>\n","protected":false},"author":1,"featured_media":18774,"comment_status":"open","ping_status":"open","sticky":false,"template":"","format":"standard","meta":{"inline_featured_image":false,"jnews-multi-image_gallery":[],"jnews_single_post":[],"jnews_primary_category":[],"jnews_social_meta":[],"jnews_override_counter":[],"jnews_post_split":[],"footnotes":""},"categories":[59],"tags":[],"class_list":["post-18772","post","type-post","status-publish","format-standard","has-post-thumbnail","hentry","category-antigua"],"jetpack_featured_media_url":"https:\/\/informacionlocal.es\/wp-content\/uploads\/2026\/03\/pintura-creativa-textil-en-triquivijate-5.jpeg","_links":{"self":[{"href":"https:\/\/informacionlocal.es\/de\/wp-json\/wp\/v2\/posts\/18772","targetHints":{"allow":["GET"]}}],"collection":[{"href":"https:\/\/informacionlocal.es\/de\/wp-json\/wp\/v2\/posts"}],"about":[{"href":"https:\/\/informacionlocal.es\/de\/wp-json\/wp\/v2\/types\/post"}],"author":[{"embeddable":true,"href":"https:\/\/informacionlocal.es\/de\/wp-json\/wp\/v2\/users\/1"}],"replies":[{"embeddable":true,"href":"https:\/\/informacionlocal.es\/de\/wp-json\/wp\/v2\/comments?post=18772"}],"version-history":[{"count":0,"href":"https:\/\/informacionlocal.es\/de\/wp-json\/wp\/v2\/posts\/18772\/revisions"}],"wp:featuredmedia":[{"embeddable":true,"href":"https:\/\/informacionlocal.es\/de\/wp-json\/wp\/v2\/media\/18774"}],"wp:attachment":[{"href":"https:\/\/informacionlocal.es\/de\/wp-json\/wp\/v2\/media?parent=18772"}],"wp:term":[{"taxonomy":"category","embeddable":true,"href":"https:\/\/informacionlocal.es\/de\/wp-json\/wp\/v2\/categories?post=18772"},{"taxonomy":"post_tag","embeddable":true,"href":"https:\/\/informacionlocal.es\/de\/wp-json\/wp\/v2\/tags?post=18772"}],"curies":[{"name":"wp","href":"https:\/\/api.w.org\/{rel}","templated":true}]}}