{"id":18766,"date":"2026-03-17T14:59:01","date_gmt":"2026-03-17T14:59:01","guid":{"rendered":"https:\/\/informacionlocal.es\/lola-garcia-y-ccoo-canarias-expresan-su-preocupacion-por-los-posibles-efectos-de-la-guerra-en-la-economia-de-las-islas\/"},"modified":"2026-03-17T14:59:01","modified_gmt":"2026-03-17T14:59:01","slug":"lola-garcia-y-ccoo-canarias-expresan-su-preocupacion-por-los-posibles-efectos-de-la-guerra-en-la-economia-de-las-islas","status":"publish","type":"post","link":"https:\/\/informacionlocal.es\/de\/lola-garcia-y-ccoo-canarias-expresan-su-preocupacion-por-los-posibles-efectos-de-la-guerra-en-la-economia-de-las-islas\/","title":{"rendered":"Lola Garc\u00eda y CCOO Canarias expresan su preocupaci\u00f3n por los posibles efectos de la guerra en la econom\u00eda de las islas"},"content":{"rendered":"<div class=\"entry-content\"><strong>17 marzo, 2026<\/strong><\/p>\n<p><em><strong>Como regi\u00f3n ultraperif\u00e9rica, Canarias podr\u00eda verse gravemente afectada por la inflaci\u00f3n y la subida de los tipos de inter\u00e9s en Europa, encareciendo el transporte, la energ\u00eda y la de vida de sus habitantes<\/strong><\/em><\/p>\n<p>La presidenta del Cabildo de Fuerteventura y de la Federaci\u00f3n Canaria de Islas (FECAI), Lola Garc\u00eda, ha mantenido una reuni\u00f3n con representantes de Comisiones Obreras Canarias con el objetivo de atender sus demandas a nivel insular y regional, poniendo el foco, especialmente, en la preocupaci\u00f3n generada por el contexto de conflictos b\u00e9licos e inestabilidad internacional.<\/p>\n<p>En el encuentro, participaron la secretaria general de CCOO Canarias, Vanesa Frahija, el secretario de Participaci\u00f3n Institucional y Movimientos Sociales, Jos\u00e9 Ram\u00f3n Barroso, y el secretario general de la Uni\u00f3n Insular de la organizaci\u00f3n sindical, Gabriel Rodr\u00edguez.<\/p>\n<p>La presidenta Lola Garc\u00eda y los representantes de CCOO Canarias coinciden en la necesidad de estudiar los posibles efectos negativos que el actual contexto internacional puede provocar sobre la calidad de vida de las personas del Archipi\u00e9lago.<\/p>\n<p>Ante esta situaci\u00f3n de incertidumbre, explicaron, resulta necesario prever una serie de medidas por los efectos negativos de la inflaci\u00f3n en los costes del transporte, la energ\u00eda o las materias primas, que repercutir\u00eda negativamente en la econom\u00eda de las islas y en la calidad de vida de sus habitantes. Europa ya anticipa una subida de los tipos de inter\u00e9s, lo que es especialmente preocupante en una regi\u00f3n ultraperif\u00e9rica como Canarias, con una elevada dependencia del exterior.<\/p>\n<p>Asimismo, CCOO ha trasladado a Lola Garc\u00eda la necesidad de reforzar los \u00f3rganos de participaci\u00f3n institucional y ciudadana que funcionan en las islas, a trav\u00e9s de la creaci\u00f3n de consejos insulares en diferentes \u00e1mbitos como mayores, vivienda o igualdad. Unos \u00f3rganos que incrementar\u00edan la participaci\u00f3n ciudadana, con la presencia de los cabildos, CCOO, los sindicatos m\u00e1s representativos, colectivos y empresas de los diferentes sectores.\u00a0Garc\u00eda se comprometi\u00f3 a trasladar todas estas demandas al resto de cabildos insulares, en la pr\u00f3xima Asamblea General de la FECAI.<\/p>\n<p>Durante la reuni\u00f3n, tambi\u00e9n se abordaron asuntos de primer orden para Fuerteventura como la mejora del acceso a la vivienda, el incremento de las plazas sociosanitarias o la mejora de la movilidad. \u201cAsuntos que ocupan la agenda del Cabildo de manera prioritaria, a trav\u00e9s de inversi\u00f3n y planificaci\u00f3n para mejorar la situaci\u00f3n en estos y otros \u00e1mbitos\u201d, apunt\u00f3 Garc\u00eda.<\/p>\n<p>Desde CCOO Canarias, se ha valorado positivamente los proyectos que el Cabildo de Fuerteventura ejecuta desde el Parque Tecnol\u00f3gico, orientados a diversificar la econom\u00eda majorera, as\u00ed como generar innovaci\u00f3n y nuevas oportunidades. Una manera de apostar por sectores estrat\u00e9gicos alternativos que debe reforzarse en toda Canarias.\u00a0<\/p>\n<\/div>\n","protected":false},"excerpt":{"rendered":"<p>17 marzo, 2026 Como regi\u00f3n ultraperif\u00e9rica, Canarias podr\u00eda verse gravemente afectada por la inflaci\u00f3n y la subida de los tipos de inter\u00e9s en Europa, encareciendo el transporte, la energ\u00eda y [&hellip;]<\/p>\n","protected":false},"author":1,"featured_media":18768,"comment_status":"open","ping_status":"open","sticky":false,"template":"","format":"standard","meta":{"inline_featured_image":false,"jnews-multi-image_gallery":[],"jnews_single_post":[],"jnews_primary_category":[],"jnews_social_meta":[],"jnews_override_counter":[],"jnews_post_split":[],"footnotes":""},"categories":[58],"tags":[334,82],"class_list":["post-18766","post","type-post","status-publish","format-standard","has-post-thumbnail","hentry","category-cabildo","tag-economia","tag-fuerteventura"],"jetpack_featured_media_url":"https:\/\/informacionlocal.es\/wp-content\/uploads\/2026\/03\/rr-2.jpeg","_links":{"self":[{"href":"https:\/\/informacionlocal.es\/de\/wp-json\/wp\/v2\/posts\/18766","targetHints":{"allow":["GET"]}}],"collection":[{"href":"https:\/\/informacionlocal.es\/de\/wp-json\/wp\/v2\/posts"}],"about":[{"href":"https:\/\/informacionlocal.es\/de\/wp-json\/wp\/v2\/types\/post"}],"author":[{"embeddable":true,"href":"https:\/\/informacionlocal.es\/de\/wp-json\/wp\/v2\/users\/1"}],"replies":[{"embeddable":true,"href":"https:\/\/informacionlocal.es\/de\/wp-json\/wp\/v2\/comments?post=18766"}],"version-history":[{"count":0,"href":"https:\/\/informacionlocal.es\/de\/wp-json\/wp\/v2\/posts\/18766\/revisions"}],"wp:featuredmedia":[{"embeddable":true,"href":"https:\/\/informacionlocal.es\/de\/wp-json\/wp\/v2\/media\/18768"}],"wp:attachment":[{"href":"https:\/\/informacionlocal.es\/de\/wp-json\/wp\/v2\/media?parent=18766"}],"wp:term":[{"taxonomy":"category","embeddable":true,"href":"https:\/\/informacionlocal.es\/de\/wp-json\/wp\/v2\/categories?post=18766"},{"taxonomy":"post_tag","embeddable":true,"href":"https:\/\/informacionlocal.es\/de\/wp-json\/wp\/v2\/tags?post=18766"}],"curies":[{"name":"wp","href":"https:\/\/api.w.org\/{rel}","templated":true}]}}