{"id":18742,"date":"2026-03-16T19:03:25","date_gmt":"2026-03-16T19:03:25","guid":{"rendered":"https:\/\/informacionlocal.es\/costa-antigua-celebra-saint-patricks-day-este-martes-con-musica-folk-y-tradicion-irlandesa\/"},"modified":"2026-03-16T19:03:25","modified_gmt":"2026-03-16T19:03:25","slug":"costa-antigua-celebra-saint-patricks-day-este-martes-con-musica-folk-y-tradicion-irlandesa","status":"publish","type":"post","link":"https:\/\/informacionlocal.es\/de\/costa-antigua-celebra-saint-patricks-day-este-martes-con-musica-folk-y-tradicion-irlandesa\/","title":{"rendered":"Costa Antigua celebra Saint Patrick\u2019s Day este martes con m\u00fasica folk y tradici\u00f3n irlandesa"},"content":{"rendered":"<div class=\"elementor-widget-container\">\n<p><strong>Costa Antigua celebra Saint Patrick\u2019s Day este martes con m\u00fasica folk y tradici\u00f3n irlandesa<\/strong><\/p>\n<p><strong>\u2022 Costa Antigua celebra San Patrick este martes 17 de marzo con seis horas de folk en vivo, tradici\u00f3n celta y hermandad con la cultura celta. <\/strong><br \/><strong>\u2022 Las actuaciones de Kevin Archer, Mat\u00edas Mac Band y Sirinoke Folk marcar\u00e1n el ritmo de la fiesta irlandesa desde las 17:30 y hasta las 23:30 horas.<\/strong><\/p>\n<p>El Ayuntamiento de Antigua desde la concejal\u00eda de Turismo organiza con las asociaciones de vecinos locales presentes en Costa Antigua, una jornada de celebraci\u00f3n celta tan destacada como es Saint Patrick, ofreciendo ritmo folk desde las 17:30 a las 23:30 horas.<\/p>\n<p>Esta cita, ya es un referente en el calendario de Costa Antigua, promoviendo la convivencia y celebraci\u00f3n de una comunidad presente muy numerosa como es la irlandesa, se\u00f1ala el alcalde, Mat\u00edas Pe\u00f1a Garc\u00eda.<\/p>\n<p>La concejala de Turismo, Kristina Rodewig, el car\u00e1cter fraternal que ofrece una celebraci\u00f3n como Saint Patrick, promoviendo una jornada de convivencia y costumbres, ritmos, juegos y tradiciones, y a\u00f1ade un evento muy atractivo tanto para la amplia y comunidad residente en Costa de Antigua, como para quien nos visita en estos d\u00edas.<\/p>\n<p>Una oportunidad inmejorable para poner en valor la convivencia y pluralidad cultural de Costa Antigua, a\u00f1ade la concejala, adem\u00e1s de ser un evento muy atractivo para su asistencia y promover la econom\u00eda y el ocio local.<\/p>\n<p>Rodewig recuerda que se contar\u00e1 con las actuaciones de Kevin Archer, Matias Mac Band y Sirinoke Folk, garantizando folk, buen ambiente y una tarde noche perfecta para disfrutar desde las 17:30 y hasta las 23:30 horas.<\/p>\n<p>\u00a0<\/p>\n<\/div>\n","protected":false},"excerpt":{"rendered":"<p><strong>Costa Antigua celebra Saint Patrick\u2019s Day este martes con m\u00fasica folk y tradici\u00f3n irlandesa<\/strong><\/p>\n","protected":false},"author":1,"featured_media":18744,"comment_status":"open","ping_status":"open","sticky":false,"template":"","format":"standard","meta":{"inline_featured_image":false,"jnews-multi-image_gallery":[],"jnews_single_post":[],"jnews_primary_category":[],"jnews_social_meta":[],"jnews_override_counter":[],"jnews_post_split":[],"footnotes":""},"categories":[59],"tags":[],"class_list":["post-18742","post","type-post","status-publish","format-standard","has-post-thumbnail","hentry","category-antigua"],"jetpack_featured_media_url":"https:\/\/informacionlocal.es\/wp-content\/uploads\/2026\/03\/santpatrick-costa-de-antigua-26.jpeg","_links":{"self":[{"href":"https:\/\/informacionlocal.es\/de\/wp-json\/wp\/v2\/posts\/18742","targetHints":{"allow":["GET"]}}],"collection":[{"href":"https:\/\/informacionlocal.es\/de\/wp-json\/wp\/v2\/posts"}],"about":[{"href":"https:\/\/informacionlocal.es\/de\/wp-json\/wp\/v2\/types\/post"}],"author":[{"embeddable":true,"href":"https:\/\/informacionlocal.es\/de\/wp-json\/wp\/v2\/users\/1"}],"replies":[{"embeddable":true,"href":"https:\/\/informacionlocal.es\/de\/wp-json\/wp\/v2\/comments?post=18742"}],"version-history":[{"count":0,"href":"https:\/\/informacionlocal.es\/de\/wp-json\/wp\/v2\/posts\/18742\/revisions"}],"wp:featuredmedia":[{"embeddable":true,"href":"https:\/\/informacionlocal.es\/de\/wp-json\/wp\/v2\/media\/18744"}],"wp:attachment":[{"href":"https:\/\/informacionlocal.es\/de\/wp-json\/wp\/v2\/media?parent=18742"}],"wp:term":[{"taxonomy":"category","embeddable":true,"href":"https:\/\/informacionlocal.es\/de\/wp-json\/wp\/v2\/categories?post=18742"},{"taxonomy":"post_tag","embeddable":true,"href":"https:\/\/informacionlocal.es\/de\/wp-json\/wp\/v2\/tags?post=18742"}],"curies":[{"name":"wp","href":"https:\/\/api.w.org\/{rel}","templated":true}]}}