{"id":18724,"date":"2026-03-16T16:03:31","date_gmt":"2026-03-16T16:03:31","guid":{"rendered":"https:\/\/informacionlocal.es\/el-ayuntamiento-de-pajara-habilita-una-nueva-pagina-web-accesible-para-consultar-las-rutas-y-senderos-del-proyecto-pajara-al-dedillo\/"},"modified":"2026-03-16T16:03:31","modified_gmt":"2026-03-16T16:03:31","slug":"el-ayuntamiento-de-pajara-habilita-una-nueva-pagina-web-accesible-para-consultar-las-rutas-y-senderos-del-proyecto-pajara-al-dedillo","status":"publish","type":"post","link":"https:\/\/informacionlocal.es\/de\/el-ayuntamiento-de-pajara-habilita-una-nueva-pagina-web-accesible-para-consultar-las-rutas-y-senderos-del-proyecto-pajara-al-dedillo\/","title":{"rendered":"El Ayuntamiento de P\u00e1jara habilita una nueva p\u00e1gina web accesible para consultar las rutas y senderos del proyecto `P\u00e1jara al dedillo\u00b4"},"content":{"rendered":"<div class=\"entry-content\">\n<p><b><i>La iniciativa se complementa con la renovaci\u00f3n integral de las mesas informativas ubicadas en distintos puntos del entorno natural\u00a0<\/i><\/b><\/p>\n<p><span>El Ayuntamiento de P\u00e1jara, a trav\u00e9s de la Concejal\u00eda de Accesibilidad, pone en marcha una p\u00e1gina web (<\/span><span>https:\/\/rutas.pajara.es\/es\/<\/span><span>) que permite a la ciudadan\u00eda consultar de forma sencilla e inclusiva todas las rutas y senderos del municipio, en el marco del proyecto `P\u00e1jara al dedillo\u00b4.<\/span><\/p>\n<p><span>La concejala de Accesibilidad, Evang\u00e9lica S\u00e1nchez, destaca que \u201cesta actuaci\u00f3n supone un paso m\u00e1s en el compromiso con la inclusi\u00f3n y la igualdad de oportunidades, permitiendo que residentes y visitantes puedan descubrir el patrimonio natural de P\u00e1jara sin barreras\u201d.<\/span><\/p>\n<p><span>Por su parte, el alcalde de P\u00e1jara, Alejandro Jorge, resalta que \u201cla idea es fomentar el uso y disfrute de toda la oferta del municipio, de una forma m\u00e1s cercana y responsable\u201d. Adem\u00e1s, subraya que gracias a esta mejora, cualquier persona, \u201cindependientemente de sus capacidades\u201d, puede consultar los contenidos y disfrutar de los espacios naturales del municipio.\u00a0<\/span><\/p>\n<p><span>Esta iniciativa se complementa con la renovaci\u00f3n integral de las mesas informativas ubicadas en distintos puntos de las rutas. Cada una incorpora un c\u00f3digo QR que dirige directamente a la web, desde donde los usuarios pueden acceder a la informaci\u00f3n de forma detallada sobre los diferentes itinerarios, sus caracter\u00edsticas y recomendaciones para su recorrido.<\/span><\/p>\n<p><span>Adem\u00e1s, el nuevo mobiliario ha sido dise\u00f1ado con criterios de accesibilidad universal e incluye una placa en braille que facilita el acceso a la informaci\u00f3n a personas con discapacidad visual. Con este proyecto, el Consistorio contin\u00faa avanzando en la adaptaci\u00f3n de los servicios y espacios p\u00fablicos, apostando por herramientas digitales y recursos\u00a0 que faciliten la entrada a los espacios naturales del municipio a toda la ciudadan\u00eda.\u00a0<\/span><\/p>\n<\/div>\n","protected":false},"excerpt":{"rendered":"<p><i>La iniciativa se complementa con la renovaci\u00f3n integral de las mesas informativas ubicadas en distintos puntos del entorno natural\u00a0<\/i><\/p>\n","protected":false},"author":1,"featured_media":18726,"comment_status":"open","ping_status":"open","sticky":false,"template":"","format":"standard","meta":{"inline_featured_image":false,"jnews-multi-image_gallery":[],"jnews_single_post":[],"jnews_primary_category":[],"jnews_social_meta":[],"jnews_override_counter":[],"jnews_post_split":[],"footnotes":""},"categories":[63],"tags":[373],"class_list":["post-18724","post","type-post","status-publish","format-standard","has-post-thumbnail","hentry","category-pajara","tag-accesibilidad"],"jetpack_featured_media_url":"https:\/\/informacionlocal.es\/wp-content\/uploads\/2026\/03\/pagina-web-rutaa-pajara.jpeg","_links":{"self":[{"href":"https:\/\/informacionlocal.es\/de\/wp-json\/wp\/v2\/posts\/18724","targetHints":{"allow":["GET"]}}],"collection":[{"href":"https:\/\/informacionlocal.es\/de\/wp-json\/wp\/v2\/posts"}],"about":[{"href":"https:\/\/informacionlocal.es\/de\/wp-json\/wp\/v2\/types\/post"}],"author":[{"embeddable":true,"href":"https:\/\/informacionlocal.es\/de\/wp-json\/wp\/v2\/users\/1"}],"replies":[{"embeddable":true,"href":"https:\/\/informacionlocal.es\/de\/wp-json\/wp\/v2\/comments?post=18724"}],"version-history":[{"count":0,"href":"https:\/\/informacionlocal.es\/de\/wp-json\/wp\/v2\/posts\/18724\/revisions"}],"wp:featuredmedia":[{"embeddable":true,"href":"https:\/\/informacionlocal.es\/de\/wp-json\/wp\/v2\/media\/18726"}],"wp:attachment":[{"href":"https:\/\/informacionlocal.es\/de\/wp-json\/wp\/v2\/media?parent=18724"}],"wp:term":[{"taxonomy":"category","embeddable":true,"href":"https:\/\/informacionlocal.es\/de\/wp-json\/wp\/v2\/categories?post=18724"},{"taxonomy":"post_tag","embeddable":true,"href":"https:\/\/informacionlocal.es\/de\/wp-json\/wp\/v2\/tags?post=18724"}],"curies":[{"name":"wp","href":"https:\/\/api.w.org\/{rel}","templated":true}]}}