{"id":18706,"date":"2026-03-14T02:01:46","date_gmt":"2026-03-14T02:01:46","guid":{"rendered":"https:\/\/informacionlocal.es\/agradecemos-la-visita-de-adivia-al-centro-de-interpretacion-de-los-hornos-de-cal-en-el-charco\/"},"modified":"2026-03-14T02:01:46","modified_gmt":"2026-03-14T02:01:46","slug":"agradecemos-la-visita-de-adivia-al-centro-de-interpretacion-de-los-hornos-de-cal-en-el-charco","status":"publish","type":"post","link":"https:\/\/informacionlocal.es\/de\/agradecemos-la-visita-de-adivia-al-centro-de-interpretacion-de-los-hornos-de-cal-en-el-charco\/","title":{"rendered":"Agradecemos la visita de Adivia al Centro de Interpretaci\u00f3n de los Hornos de Cal en El Charco"},"content":{"rendered":"<div class=\"entry-content\">\n<div class=\"xdj266r x14z9mp xat24cr x1lziwak x1vvkbs x126k92a\">\n<div dir=\"auto\">El ayuntamiento felicita a \u00abAdivia\u00bb por su gran labor diaria, y agradece la visita de sus miembros al Centro de Interpretaci\u00f3n de los Hornos de Cal, a mediod\u00eda de este viernes, 13 de marzo.<\/div>\n<div dir=\"auto\">La concejala de Turismo, Rosa Rodr\u00edguez, prepar\u00f3 una bienvenida especial con algunos detalles de promoci\u00f3n. Los visitantes fueron guiados por los estudiantes en pr\u00e1cticas, Fidela y Sebasti\u00e1n, con apoyo de personal municipal.<\/div>\n<\/div>\n<div class=\"x14z9mp xat24cr x1lziwak x1vvkbs xtlvy1s x126k92a\">\n<div dir=\"auto\">Con la colaboraci\u00f3n de las empresas Cicar y Fred Olsen<\/div>\n<\/div>\n<\/div>\n","protected":false},"excerpt":{"rendered":"<p>El ayuntamiento felicita a \u00abAdivia\u00bb por su gran labor diaria, y agradece la visita de sus miembros al Centro de Interpretaci\u00f3n de los Hornos de Cal, a mediod\u00eda de este [&hellip;]<\/p>\n","protected":false},"author":1,"featured_media":18708,"comment_status":"open","ping_status":"open","sticky":false,"template":"","format":"standard","meta":{"inline_featured_image":false,"jnews-multi-image_gallery":[],"jnews_single_post":[],"jnews_primary_category":[],"jnews_social_meta":[],"jnews_override_counter":[],"jnews_post_split":[],"footnotes":""},"categories":[61],"tags":[],"class_list":["post-18706","post","type-post","status-publish","format-standard","has-post-thumbnail","hentry","category-puerto-del-rosario"],"jetpack_featured_media_url":"https:\/\/informacionlocal.es\/wp-content\/uploads\/2026\/03\/ve-adivia-titu-130326-fachada.jpg","_links":{"self":[{"href":"https:\/\/informacionlocal.es\/de\/wp-json\/wp\/v2\/posts\/18706","targetHints":{"allow":["GET"]}}],"collection":[{"href":"https:\/\/informacionlocal.es\/de\/wp-json\/wp\/v2\/posts"}],"about":[{"href":"https:\/\/informacionlocal.es\/de\/wp-json\/wp\/v2\/types\/post"}],"author":[{"embeddable":true,"href":"https:\/\/informacionlocal.es\/de\/wp-json\/wp\/v2\/users\/1"}],"replies":[{"embeddable":true,"href":"https:\/\/informacionlocal.es\/de\/wp-json\/wp\/v2\/comments?post=18706"}],"version-history":[{"count":0,"href":"https:\/\/informacionlocal.es\/de\/wp-json\/wp\/v2\/posts\/18706\/revisions"}],"wp:featuredmedia":[{"embeddable":true,"href":"https:\/\/informacionlocal.es\/de\/wp-json\/wp\/v2\/media\/18708"}],"wp:attachment":[{"href":"https:\/\/informacionlocal.es\/de\/wp-json\/wp\/v2\/media?parent=18706"}],"wp:term":[{"taxonomy":"category","embeddable":true,"href":"https:\/\/informacionlocal.es\/de\/wp-json\/wp\/v2\/categories?post=18706"},{"taxonomy":"post_tag","embeddable":true,"href":"https:\/\/informacionlocal.es\/de\/wp-json\/wp\/v2\/tags?post=18706"}],"curies":[{"name":"wp","href":"https:\/\/api.w.org\/{rel}","templated":true}]}}