{"id":18682,"date":"2026-03-13T18:02:01","date_gmt":"2026-03-13T18:02:01","guid":{"rendered":"https:\/\/informacionlocal.es\/morro-jable-arranca-el-carnaval-con-el-pregon-mas-multitudinario-de-los-ultimos-anos\/"},"modified":"2026-03-13T18:02:01","modified_gmt":"2026-03-13T18:02:01","slug":"morro-jable-arranca-el-carnaval-con-el-pregon-mas-multitudinario-de-los-ultimos-anos","status":"publish","type":"post","link":"https:\/\/informacionlocal.es\/de\/morro-jable-arranca-el-carnaval-con-el-pregon-mas-multitudinario-de-los-ultimos-anos\/","title":{"rendered":"Morro Jable arranca el carnaval con el preg\u00f3n m\u00e1s multitudinario de los \u00faltimos a\u00f1os"},"content":{"rendered":"<div class=\"entry-content\">\n<p><b><i>El Ayuntamiento de P\u00e1jara rindi\u00f3 homenaje a todas las reinas infantiles, adultas y Gran Dama de la historia del municipio<\/i><\/b><\/p>\n<p><span>El Ayuntamiento de P\u00e1jara celebr\u00f3 ayer jueves, 12 de marzo, el inicio del carnaval de Morro Jable con un original preg\u00f3n que pon\u00eda en valor a las reinas infantiles, adultas y Gran Dama de la historia del municipio. A trav\u00e9s del Programa de Mujer, bajo el lema \u2018Ellas, coraz\u00f3n del carnaval<\/span><i><span>\u2019,<\/span><\/i><span> el acto arranc\u00f3 con un multitudinario p\u00fablico participativo.<\/span><\/p>\n<p><span>En este caso, la reina adulta Sheila Exojo Rodr\u00edguez; la Gran Dama, Catalina P\u00e9rez y la ni\u00f1a Arianna Isabel Fern\u00e1ndez D\u00edaz se encargaron de la lectura del preg\u00f3n que daba el comienzo a estas fiestas, acompa\u00f1adas de un v\u00eddeo de reconocimiento y trayectoria de las mujeres representantes de las fiestas.<\/span><\/p>\n<p><span>La concejala de Servicios Sociales y organizadora de este evento, Kathaisa Rodr\u00edguez, considera que \u201ceste ha sido uno de los d\u00edas m\u00e1s m\u00e1s bonitos desde que ocupo mi cargo como responsable de este \u00e1rea y tengo que agradecer a todas las mujeres que han ayudado, que han colaborado para poder elaborar estos maravillosos videos y a todaslas personas que han contribuido, a\u00f1o tras a\u00f1o, a engrandecer nuestros carnavales\u201d.<\/span><\/p>\n<p><span>Destac\u00f3 el papel que ejercen las costureras y toda la gente que ha colaborado para que los carnavales sean un espacio para el encuentro, la diversi\u00f3n y el orgullo del territorio municipal\u201d.<\/span><\/p>\n<p><span>Por su parte, el concejal de Festejos, Juan Jos\u00e9 Viera, calific\u00f3 de acierto el homenaje a la historia y evoluci\u00f3n de las reinas del carnaval de Morro Jable y manifest\u00f3 la importancia que tiene la mujer en cada una de las actividades que se desarrollan desde el Ayuntamiento.<\/span><\/p>\n<p><span>En este sentido, el alcalde, Alejandro Jorge, mostr\u00f3 su satisfacci\u00f3n por \u201cla afluencia del p\u00fablico en este preg\u00f3n y consider\u00f3 que este carnaval promete mucho\u201d. Asimismo, invit\u00f3 a la poblaci\u00f3n y visitantes a disfrutar de cada una de las actividades programadas.<\/span><\/p>\n<p><span>Las personas interesadas podr\u00e1n consultar la agenda de actividades en la p\u00e1gina web del Ayuntamiento de P\u00e1jara .<\/span><\/p>\n<p><img fetchpriority=\"high\" decoding=\"async\" class=\"alignnone size-medium wp-image-21645\" src=\"https:\/\/informacionlocal.es\/wp-content\/uploads\/2026\/03\/carnaval-pregon-morro-jable-4-300x200-1.jpeg\" width=\"300\" height=\"200\" title=\"carnaval-pregon-morro-jable-4-300x200-1\"><img decoding=\"async\" class=\"alignnone size-medium wp-image-21646\" src=\"https:\/\/informacionlocal.es\/wp-content\/uploads\/2026\/03\/carnaval-pregon-morro-jable-3-300x193-1.jpeg\" width=\"300\" height=\"193\" title=\"carnaval-pregon-morro-jable-3-300x193-1\"><img decoding=\"async\" class=\"alignnone size-medium wp-image-21647\" src=\"https:\/\/informacionlocal.es\/wp-content\/uploads\/2026\/03\/carnaval-pregon-morro-jable-2-300x198-1.jpeg\" width=\"300\" height=\"198\" title=\"carnaval-pregon-morro-jable-2-300x198-1\"><\/p>\n<\/div>\n","protected":false},"excerpt":{"rendered":"<p><i>El Ayuntamiento de P\u00e1jara rindi\u00f3 homenaje a todas las reinas infantiles, adultas y Gran Dama de la historia del municipio<\/i><\/p>\n","protected":false},"author":1,"featured_media":18684,"comment_status":"open","ping_status":"open","sticky":false,"template":"","format":"standard","meta":{"inline_featured_image":false,"jnews-multi-image_gallery":[],"jnews_single_post":[],"jnews_primary_category":[],"jnews_social_meta":[],"jnews_override_counter":[],"jnews_post_split":[],"footnotes":""},"categories":[63],"tags":[70],"class_list":["post-18682","post","type-post","status-publish","format-standard","has-post-thumbnail","hentry","category-pajara","tag-agenda"],"jetpack_featured_media_url":"https:\/\/informacionlocal.es\/wp-content\/uploads\/2026\/03\/carnaval-pregon-morro-jable-1.jpeg","_links":{"self":[{"href":"https:\/\/informacionlocal.es\/de\/wp-json\/wp\/v2\/posts\/18682","targetHints":{"allow":["GET"]}}],"collection":[{"href":"https:\/\/informacionlocal.es\/de\/wp-json\/wp\/v2\/posts"}],"about":[{"href":"https:\/\/informacionlocal.es\/de\/wp-json\/wp\/v2\/types\/post"}],"author":[{"embeddable":true,"href":"https:\/\/informacionlocal.es\/de\/wp-json\/wp\/v2\/users\/1"}],"replies":[{"embeddable":true,"href":"https:\/\/informacionlocal.es\/de\/wp-json\/wp\/v2\/comments?post=18682"}],"version-history":[{"count":0,"href":"https:\/\/informacionlocal.es\/de\/wp-json\/wp\/v2\/posts\/18682\/revisions"}],"wp:featuredmedia":[{"embeddable":true,"href":"https:\/\/informacionlocal.es\/de\/wp-json\/wp\/v2\/media\/18684"}],"wp:attachment":[{"href":"https:\/\/informacionlocal.es\/de\/wp-json\/wp\/v2\/media?parent=18682"}],"wp:term":[{"taxonomy":"category","embeddable":true,"href":"https:\/\/informacionlocal.es\/de\/wp-json\/wp\/v2\/categories?post=18682"},{"taxonomy":"post_tag","embeddable":true,"href":"https:\/\/informacionlocal.es\/de\/wp-json\/wp\/v2\/tags?post=18682"}],"curies":[{"name":"wp","href":"https:\/\/api.w.org\/{rel}","templated":true}]}}