{"id":18674,"date":"2026-03-13T15:02:50","date_gmt":"2026-03-13T15:02:50","guid":{"rendered":"https:\/\/informacionlocal.es\/la-escuela-insular-de-musica-ofrece-unas-jornadas-de-pedagogia-musical-los-dias-20-21-y-22-de-marzo\/"},"modified":"2026-03-13T15:02:50","modified_gmt":"2026-03-13T15:02:50","slug":"la-escuela-insular-de-musica-ofrece-unas-jornadas-de-pedagogia-musical-los-dias-20-21-y-22-de-marzo","status":"publish","type":"post","link":"https:\/\/informacionlocal.es\/de\/la-escuela-insular-de-musica-ofrece-unas-jornadas-de-pedagogia-musical-los-dias-20-21-y-22-de-marzo\/","title":{"rendered":"\ufeffLa Escuela Insular de M\u00fasica ofrece unas jornadas de pedagog\u00eda musical los d\u00edas 20, 21 y 22 de marzo"},"content":{"rendered":"<div class=\"entry-content\"><strong>13 marzo, 2026<\/strong><\/p>\n<p><em><strong>La iniciativa se dirige a docentes, futuros profesionales del \u00e1mbito educativo y a todas aquellas personas interesadas en la ense\u00f1anza musical<\/strong><\/em><\/p>\n<p>La Escuela Insular de M\u00fasica de Fuerteventura, dependiente del Cabildo insular, celebrar\u00e1 las Jornadas de Pedagog\u00eda Musical los d\u00edas 20, 21 y 22 de marzo, una iniciativa dirigida a docentes, futuros profesionales del \u00e1mbito educativo y a todas aquellas personas interesadas en la ense\u00f1anza musical.<\/p>\n<p>Las actividades se desarrollar\u00e1n en el sal\u00f3n de actos de la Escuela Insular de M\u00fasica (Puerto del Rosario), con la participaci\u00f3n de reconocidos especialistas en pedagog\u00eda musical que impartir\u00e1n talleres y sesiones pr\u00e1cticas centradas en metodolog\u00edas innovadoras aplicadas a la educaci\u00f3n musical. El consejero de Educaci\u00f3n, Adargoma Hern\u00e1ndez, explica que \u201clas jornadas tienen como objetivo fomentar nuevas herramientas pedag\u00f3gicas en la ense\u00f1anza musical, as\u00ed como promover espacios de formaci\u00f3n y encuentro entre profesionales del sector educativo\u201d.<\/p>\n<p>Uno de los ponentes ser\u00e1 Xavier Rocamora, quien ofrecer\u00e1 el taller \u2018Jugar, cantar y tocar. Pedagog\u00eda Orff-Schulwerk\u2019, una propuesta basada en el aprendizaje musical a trav\u00e9s del juego, el canto y la pr\u00e1ctica instrumental. Esta actividad se celebrar\u00e1 el s\u00e1bado 21 y el domingo 22 de marzo, de 10.00 a 14.00 horas.<\/p>\n<p>Por su parte, el especialista Carlos Guerrero impartir\u00e1 el taller \u2018Did\u00e1ctica del movimiento en la Educaci\u00f3n Musical Infantil\u2019, centrado en la importancia del movimiento corporal como herramienta pedag\u00f3gica en el aprendizaje musical durante la infancia. Las sesiones tendr\u00e1n lugar el viernes 20 de marzo y el s\u00e1bado 21 de marzo, de 16.00 a 19.00 horas.<\/p>\n<p>Adem\u00e1s, dentro de la programaci\u00f3n se celebrar\u00e1 el Taller de m\u00fasica y movimiento en familia, una actividad abierta al p\u00fablico familiar con ni\u00f1os y ni\u00f1as de hasta 10 a\u00f1os. Este taller se desarrollar\u00e1 el s\u00e1bado 21 de marzo, de 12.00 a 14.00 horas, en el Aula 2 de la EIMF en Puerto del Rosario.<\/p>\n<p>Las personas interesadas en participar en las actividades pueden realizar su inscripci\u00f3n enviando su nombre y apellidos al correo electr\u00f3nico:\u00a0MUSICA@CABILDOFUER.ES.<\/p>\n<\/div>\n","protected":false},"excerpt":{"rendered":"<p>13 marzo, 2026 La iniciativa se dirige a docentes, futuros profesionales del \u00e1mbito educativo y a todas aquellas personas interesadas en la ense\u00f1anza musical La Escuela Insular de M\u00fasica de [&hellip;]<\/p>\n","protected":false},"author":1,"featured_media":18676,"comment_status":"open","ping_status":"open","sticky":false,"template":"","format":"standard","meta":{"inline_featured_image":false,"jnews-multi-image_gallery":[],"jnews_single_post":[],"jnews_primary_category":[],"jnews_social_meta":[],"jnews_override_counter":[],"jnews_post_split":[],"footnotes":""},"categories":[58],"tags":[73,82],"class_list":["post-18674","post","type-post","status-publish","format-standard","has-post-thumbnail","hentry","category-cabildo","tag-educacion","tag-fuerteventura"],"jetpack_featured_media_url":"https:\/\/informacionlocal.es\/wp-content\/uploads\/2026\/03\/ffeg.png","_links":{"self":[{"href":"https:\/\/informacionlocal.es\/de\/wp-json\/wp\/v2\/posts\/18674","targetHints":{"allow":["GET"]}}],"collection":[{"href":"https:\/\/informacionlocal.es\/de\/wp-json\/wp\/v2\/posts"}],"about":[{"href":"https:\/\/informacionlocal.es\/de\/wp-json\/wp\/v2\/types\/post"}],"author":[{"embeddable":true,"href":"https:\/\/informacionlocal.es\/de\/wp-json\/wp\/v2\/users\/1"}],"replies":[{"embeddable":true,"href":"https:\/\/informacionlocal.es\/de\/wp-json\/wp\/v2\/comments?post=18674"}],"version-history":[{"count":0,"href":"https:\/\/informacionlocal.es\/de\/wp-json\/wp\/v2\/posts\/18674\/revisions"}],"wp:featuredmedia":[{"embeddable":true,"href":"https:\/\/informacionlocal.es\/de\/wp-json\/wp\/v2\/media\/18676"}],"wp:attachment":[{"href":"https:\/\/informacionlocal.es\/de\/wp-json\/wp\/v2\/media?parent=18674"}],"wp:term":[{"taxonomy":"category","embeddable":true,"href":"https:\/\/informacionlocal.es\/de\/wp-json\/wp\/v2\/categories?post=18674"},{"taxonomy":"post_tag","embeddable":true,"href":"https:\/\/informacionlocal.es\/de\/wp-json\/wp\/v2\/tags?post=18674"}],"curies":[{"name":"wp","href":"https:\/\/api.w.org\/{rel}","templated":true}]}}