{"id":18626,"date":"2026-03-12T22:01:42","date_gmt":"2026-03-12T22:01:42","guid":{"rendered":"https:\/\/informacionlocal.es\/la-casa-de-la-cultura-de-puerto-del-rosario-acoge-la-exposicion-museo-nomada-de-la-fotografia-el-intimo-secreto-de-la-forma\/"},"modified":"2026-03-12T22:01:42","modified_gmt":"2026-03-12T22:01:42","slug":"la-casa-de-la-cultura-de-puerto-del-rosario-acoge-la-exposicion-museo-nomada-de-la-fotografia-el-intimo-secreto-de-la-forma","status":"publish","type":"post","link":"https:\/\/informacionlocal.es\/de\/la-casa-de-la-cultura-de-puerto-del-rosario-acoge-la-exposicion-museo-nomada-de-la-fotografia-el-intimo-secreto-de-la-forma\/","title":{"rendered":"La Casa de la Cultura de Puerto del Rosario acoge la exposici\u00f3n \u201cMuseo N\u00f3mada de la Fotograf\u00eda. El \u00edntimo secreto de la forma\u201d"},"content":{"rendered":"<div class=\"entry-content\">\n<p><strong>La muestra, que se inaugura el 13 de marzo, a las 20:00h, propone un recorrido por la historia de la fotograf\u00eda a trav\u00e9s de c\u00e1maras hist\u00f3ricas, retratos, visiones estereosc\u00f3picas y material gr\u00e1fico vinculado a Fuerteventura<\/strong><\/p>\n<p><strong>\u00a0<\/strong>La Casa de la Cultura de Puerto del Rosario acoger\u00e1 a partir del pr\u00f3ximo 13 de marzo la exposici\u00f3n \u201cMuseo N\u00f3mada de la Fotograf\u00eda. El \u00edntimo secreto de la forma\u201d, una propuesta cultural organizada en colaboraci\u00f3n con el Ayuntamiento de Puerto del Rosario que invita al p\u00fablico a descubrir la evoluci\u00f3n de la fotograf\u00eda y su papel como testimonio hist\u00f3rico, art\u00edstico y cultural.<\/p>\n<p>La exposici\u00f3n se inaugurar\u00e1 el viernes 13 de marzo a las 20:00 horas y permanecer\u00e1 abierta al p\u00fablico hasta el 30 de abril de 2026. Se trata, adem\u00e1s, de la primera presentaci\u00f3n del Museo N\u00f3mada de la Fotograf\u00eda fuera de la isla de Tenerife, donde se concentra habitualmente su actividad.<\/p>\n<p>El proyecto del Museo N\u00f3mada de la Fotograf\u00eda se concibe como un espacio abierto y flexible que re\u00fane colecciones y materiales procedentes de diferentes \u00e1mbitos del coleccionismo y la investigaci\u00f3n fotogr\u00e1fica. Su objetivo es ofrecer una mirada cr\u00edtica y plural sobre la fotograf\u00eda a lo largo de los dos \u00faltimos siglos, mostrando c\u00f3mo las im\u00e1genes han acompa\u00f1ado y documentado la evoluci\u00f3n de la sociedad.<\/p>\n<p>La exposici\u00f3n se estructura en cuatro grandes apartados que permiten al visitante recorrer distintos momentos y formas de entender la fotograf\u00eda: una selecci\u00f3n de c\u00e1maras de finales del siglo XIX y principios del XX; una secci\u00f3n dedicada a las visiones estereosc\u00f3picas y la imagen en tres dimensiones; colecciones de retratos fotogr\u00e1ficos de estudio fechados entre 1850 y las primeras d\u00e9cadas del siglo XX; y un apartado dedicado a los imaginarios tur\u00edsticos, con tarjetas postales y fotolibros publicados entre 1960 y 1980 que ayudaron a construir la imagen de Fuerteventura como destino tur\u00edstico.<\/p>\n<p>Con motivo de la exposici\u00f3n se han organizado tambi\u00e9n varias actividades paralelas abiertas al p\u00fablico. Entre ellas, una conferencia inaugural titulada \u201c\u00cdntimo secreto de las formas fotogr\u00e1ficas\u201d, impartida por el profesor titular de Historia del Arte de la Universidad de La Laguna, Carmelo Vega, que tendr\u00e1 lugar el mismo 13 de marzo a las 19:00 horas.<\/p>\n<p>Asimismo, el 18 de marzo se celebrar\u00e1 un taller dedicado a t\u00e9cnicas fotogr\u00e1ficas hist\u00f3ricas de cianotipia, impartido por el coleccionista y divulgador Jos\u00e9 Mar\u00eda Mercader Torreiro y dirigido especialmente a personas mayores en colaboraci\u00f3n con el Centro de Mayores de Puerto del Rosario.<\/p>\n<p>El t\u00edtulo de la exposici\u00f3n hace referencia a las reflexiones del escritor Miguel de Unamuno durante su estancia en Fuerteventura, cuando hablaba de la necesidad de aprender a descubrir \u201cel \u00edntimo secreto de las formas\u201d para comprender la esencia de los paisajes y de la propia isla. Una idea que conecta con el esp\u00edritu de esta muestra: mirar con calma, observar con curiosidad y redescubrir la historia a trav\u00e9s de las im\u00e1genes.<\/p>\n<\/div>\n","protected":false},"excerpt":{"rendered":"<p>La muestra, que se inaugura el 13 de marzo, a las 20:00h, propone un recorrido por la historia de la fotograf\u00eda a trav\u00e9s de c\u00e1maras hist\u00f3ricas, retratos, visiones estereosc\u00f3picas y [&hellip;]<\/p>\n","protected":false},"author":1,"featured_media":18628,"comment_status":"open","ping_status":"open","sticky":false,"template":"","format":"standard","meta":{"inline_featured_image":false,"jnews-multi-image_gallery":[],"jnews_single_post":[],"jnews_primary_category":[],"jnews_social_meta":[],"jnews_override_counter":[],"jnews_post_split":[],"footnotes":""},"categories":[61],"tags":[82],"class_list":["post-18626","post","type-post","status-publish","format-standard","has-post-thumbnail","hentry","category-puerto-del-rosario","tag-fuerteventura"],"jetpack_featured_media_url":"https:\/\/informacionlocal.es\/wp-content\/uploads\/2026\/03\/expo-fotos-c-de-c-0326.jpeg","_links":{"self":[{"href":"https:\/\/informacionlocal.es\/de\/wp-json\/wp\/v2\/posts\/18626","targetHints":{"allow":["GET"]}}],"collection":[{"href":"https:\/\/informacionlocal.es\/de\/wp-json\/wp\/v2\/posts"}],"about":[{"href":"https:\/\/informacionlocal.es\/de\/wp-json\/wp\/v2\/types\/post"}],"author":[{"embeddable":true,"href":"https:\/\/informacionlocal.es\/de\/wp-json\/wp\/v2\/users\/1"}],"replies":[{"embeddable":true,"href":"https:\/\/informacionlocal.es\/de\/wp-json\/wp\/v2\/comments?post=18626"}],"version-history":[{"count":0,"href":"https:\/\/informacionlocal.es\/de\/wp-json\/wp\/v2\/posts\/18626\/revisions"}],"wp:featuredmedia":[{"embeddable":true,"href":"https:\/\/informacionlocal.es\/de\/wp-json\/wp\/v2\/media\/18628"}],"wp:attachment":[{"href":"https:\/\/informacionlocal.es\/de\/wp-json\/wp\/v2\/media?parent=18626"}],"wp:term":[{"taxonomy":"category","embeddable":true,"href":"https:\/\/informacionlocal.es\/de\/wp-json\/wp\/v2\/categories?post=18626"},{"taxonomy":"post_tag","embeddable":true,"href":"https:\/\/informacionlocal.es\/de\/wp-json\/wp\/v2\/tags?post=18626"}],"curies":[{"name":"wp","href":"https:\/\/api.w.org\/{rel}","templated":true}]}}