{"id":18584,"date":"2026-03-12T15:02:43","date_gmt":"2026-03-12T15:02:43","guid":{"rendered":"https:\/\/informacionlocal.es\/puerto-del-rosario-impulsa-la-mejora-de-la-movilidad-urbana-con-la-firma-del-acta-de-replanteo-del-proyecto-de-la-calle-fontan-lobe\/"},"modified":"2026-03-12T15:02:43","modified_gmt":"2026-03-12T15:02:43","slug":"puerto-del-rosario-impulsa-la-mejora-de-la-movilidad-urbana-con-la-firma-del-acta-de-replanteo-del-proyecto-de-la-calle-fontan-lobe","status":"publish","type":"post","link":"https:\/\/informacionlocal.es\/de\/puerto-del-rosario-impulsa-la-mejora-de-la-movilidad-urbana-con-la-firma-del-acta-de-replanteo-del-proyecto-de-la-calle-fontan-lobe\/","title":{"rendered":"Puerto del Rosario impulsa la mejora de la movilidad urbana con la firma del acta de replanteo del proyecto de la calle Font\u00e1n Lobe"},"content":{"rendered":"<div class=\"entry-content\">\n<p>El Ayuntamiento de Puerto del Rosario ha firmado el acta de replanteo correspondiente al proyecto de actuaci\u00f3n en la calle Font\u00e1n Lobe, una intervenci\u00f3n que se desarrolla en el marco de las directrices establecidas en el Plan General de Ordenaci\u00f3n (PGO) y el Plan de Movilidad Urbana Sostenible del municipio.<\/p>\n<p>Esta actuaci\u00f3n permitir\u00e1 avanzar en la mejora de la accesibilidad universal, fomentar una movilidad m\u00e1s sostenible y reforzar la calidad del espacio urbano en esta zona del municipio, consolidando as\u00ed el modelo de ciudad que promueve el actual grupo de gobierno.<\/p>\n<p>El <strong>alcalde de Puerto del Rosario, David de Vera,<\/strong> destac\u00f3 que \u201cseguimos dando pasos firmes en la mejora de nuestros espacios p\u00fablicos, apostando por un municipio m\u00e1s accesible, seguro y adaptado a las necesidades de la ciudadan\u00eda.\u201d<\/p>\n<p>Por su parte, la <strong>concejala de Movilidad y Accesibilidad, To\u00f1i Fern\u00e1ndez Arag\u00f3n, <\/strong>subray\u00f3 la importancia estrat\u00e9gica de este proyecto dentro de la planificaci\u00f3n urbana municipal. \u201cLa firma de este acta supone el inicio de una actuaci\u00f3n que responde a una visi\u00f3n clara de ciudad.<\/p>\n<p>Desde el \u00e1rea de Movilidad y Accesibilidad estamos trabajando para transformar progresivamente el espacio p\u00fablico, priorizando a las personas, mejorando la accesibilidad universal y fomentando una movilidad m\u00e1s sostenible. La intervenci\u00f3n en la calle Font\u00e1n Lobe se enmarca dentro de una estrategia m\u00e1s amplia que busca consolidar un Puerto del Rosario m\u00e1s inclusivo, moderno y preparado para los desaf\u00edos urbanos actuales, en coherencia con las l\u00edneas establecidas tanto en el Plan General de Ordenaci\u00f3n como en el Plan de Movilidad Urbana Sostenible<\/p>\n<\/div>\n","protected":false},"excerpt":{"rendered":"<p>El Ayuntamiento de Puerto del Rosario ha firmado el acta de replanteo correspondiente al proyecto de actuaci\u00f3n en la calle Font\u00e1n Lobe, una intervenci\u00f3n que se desarrolla en el marco [&hellip;]<\/p>\n","protected":false},"author":1,"featured_media":18586,"comment_status":"open","ping_status":"open","sticky":false,"template":"","format":"standard","meta":{"inline_featured_image":false,"jnews-multi-image_gallery":[],"jnews_single_post":[],"jnews_primary_category":[],"jnews_social_meta":[],"jnews_override_counter":[],"jnews_post_split":[],"footnotes":""},"categories":[61],"tags":[],"class_list":["post-18584","post","type-post","status-publish","format-standard","has-post-thumbnail","hentry","category-puerto-del-rosario"],"jetpack_featured_media_url":"https:\/\/informacionlocal.es\/wp-content\/uploads\/2026\/03\/fontan-lobe-titu-alcalde-y-toni-0326.jpeg","_links":{"self":[{"href":"https:\/\/informacionlocal.es\/de\/wp-json\/wp\/v2\/posts\/18584","targetHints":{"allow":["GET"]}}],"collection":[{"href":"https:\/\/informacionlocal.es\/de\/wp-json\/wp\/v2\/posts"}],"about":[{"href":"https:\/\/informacionlocal.es\/de\/wp-json\/wp\/v2\/types\/post"}],"author":[{"embeddable":true,"href":"https:\/\/informacionlocal.es\/de\/wp-json\/wp\/v2\/users\/1"}],"replies":[{"embeddable":true,"href":"https:\/\/informacionlocal.es\/de\/wp-json\/wp\/v2\/comments?post=18584"}],"version-history":[{"count":0,"href":"https:\/\/informacionlocal.es\/de\/wp-json\/wp\/v2\/posts\/18584\/revisions"}],"wp:featuredmedia":[{"embeddable":true,"href":"https:\/\/informacionlocal.es\/de\/wp-json\/wp\/v2\/media\/18586"}],"wp:attachment":[{"href":"https:\/\/informacionlocal.es\/de\/wp-json\/wp\/v2\/media?parent=18584"}],"wp:term":[{"taxonomy":"category","embeddable":true,"href":"https:\/\/informacionlocal.es\/de\/wp-json\/wp\/v2\/categories?post=18584"},{"taxonomy":"post_tag","embeddable":true,"href":"https:\/\/informacionlocal.es\/de\/wp-json\/wp\/v2\/tags?post=18584"}],"curies":[{"name":"wp","href":"https:\/\/api.w.org\/{rel}","templated":true}]}}