{"id":18529,"date":"2026-03-11T13:02:14","date_gmt":"2026-03-11T13:02:14","guid":{"rendered":"https:\/\/informacionlocal.es\/antigua-respalda-en-el-municipio-los-servicios-de-la-asociacion-de-familias-canarias\/"},"modified":"2026-03-11T13:02:14","modified_gmt":"2026-03-11T13:02:14","slug":"antigua-respalda-en-el-municipio-los-servicios-de-la-asociacion-de-familias-canarias","status":"publish","type":"post","link":"https:\/\/informacionlocal.es\/de\/antigua-respalda-en-el-municipio-los-servicios-de-la-asociacion-de-familias-canarias\/","title":{"rendered":"Antigua respalda en el municipio los servicios de la Asociaci\u00f3n de Familias Canarias"},"content":{"rendered":"<div class=\"elementor-widget-container\">\n<p><strong>Antigua respalda en el municipio los servicios de la Asociaci\u00f3n de Familias Canarias<\/strong><\/p>\n<p><strong>\u2022 Afamca presenta al Ayuntamiento de Antigua nuevos proyectos y servicios de atenci\u00f3n social promoviendo el bienestar de vecinos y vecinas del Municipio.<\/strong><\/p>\n<p>Este mi\u00e9rcoles 11 de marzo, el alcalde de Antigua, Mat\u00edas Pe\u00f1a, la concejala de Servicios Sociales, Am\u00e9rica Soto Betancor y la t\u00e9cnica de \u00e1rea, Carmen De Vera, han mantenido una reuni\u00f3n con Natalia Baz, representante en Fuerteventura de la Asociaci\u00f3n de Familias Canarias, Afamca.<\/p>\n<p>El Ayuntamiento de Antigua mantiene una estrecha colaboraci\u00f3n con todas las asociaciones que trabajan en el bienestar social de nuestro municipio, afirma el acalde, Mat\u00edas Pe\u00f1a, proporcionando la log\u00edstica que precisan o subvencionando cada a\u00f1o sus actividades, en algunos casos, incluso con Subvenci\u00f3n nominadas, garantizando el servicio directo y necesario que precisan algunos vecinos y vecinas del Municipio.<\/p>\n<p>El Ayuntamiento de Antigua desde la concejal\u00eda de Servicios Sociales viene trabajando con la Asociaci\u00f3n de Familias Canarias, Afamca, en actividades y proyectos en el Municipio dirigidos a personas con diferentes perfiles de vulnerabilidad, por edad, soledad o con limitaciones f\u00edsicas o cognitivas, se\u00f1ala la concejala Soto Betancor.<\/p>\n<p>Afamca presenta un nuevo objetivo y avance en reforzar su presencia y atenci\u00f3n en el Municipio de Antigua, desarrollando nuevos proyectos, entre otros, que promueven el envejecimiento activo desde los 65 a\u00f1os, acompa\u00f1amiento fuera del hogar para personas en situaci\u00f3n de soledad o atenci\u00f3n formativa y psicol\u00f3gica a cuidadores, especialmente, cuidadoras no profesionales.<\/p>\n<p>Todos los proyectos presentados se valorar\u00e1n para respaldar, apoyar y promocionar, y a\u00f1ade la concejala, siendo todas las asociaciones asesoradas para presentarse en la convocatoria de subvenciones anual de la concejal\u00eda de Servicios Sociales, benefici\u00e1ndose as\u00ed tambi\u00e9n de la financiaci\u00f3n municipal que proporcionamos.<\/p>\n<p>\u00a0<\/p>\n<p>\u00a0<\/p>\n<p>\u00a0<\/p>\n<p>\u00a0<\/p>\n<\/div>\n","protected":false},"excerpt":{"rendered":"<p><strong>Antigua respalda en el municipio los servicios de la Asociaci\u00f3n de Familias Canarias<\/strong><\/p>\n","protected":false},"author":1,"featured_media":18531,"comment_status":"open","ping_status":"open","sticky":false,"template":"","format":"standard","meta":{"inline_featured_image":false,"jnews-multi-image_gallery":[],"jnews_single_post":[],"jnews_primary_category":[],"jnews_social_meta":[],"jnews_override_counter":[],"jnews_post_split":[],"footnotes":""},"categories":[59],"tags":[82],"class_list":["post-18529","post","type-post","status-publish","format-standard","has-post-thumbnail","hentry","category-antigua","tag-fuerteventura"],"jetpack_featured_media_url":"https:\/\/informacionlocal.es\/wp-content\/uploads\/2026\/03\/tecnica-alcalde-portavoz-afamca-y-concejala-scaled-1.jpg","_links":{"self":[{"href":"https:\/\/informacionlocal.es\/de\/wp-json\/wp\/v2\/posts\/18529","targetHints":{"allow":["GET"]}}],"collection":[{"href":"https:\/\/informacionlocal.es\/de\/wp-json\/wp\/v2\/posts"}],"about":[{"href":"https:\/\/informacionlocal.es\/de\/wp-json\/wp\/v2\/types\/post"}],"author":[{"embeddable":true,"href":"https:\/\/informacionlocal.es\/de\/wp-json\/wp\/v2\/users\/1"}],"replies":[{"embeddable":true,"href":"https:\/\/informacionlocal.es\/de\/wp-json\/wp\/v2\/comments?post=18529"}],"version-history":[{"count":0,"href":"https:\/\/informacionlocal.es\/de\/wp-json\/wp\/v2\/posts\/18529\/revisions"}],"wp:featuredmedia":[{"embeddable":true,"href":"https:\/\/informacionlocal.es\/de\/wp-json\/wp\/v2\/media\/18531"}],"wp:attachment":[{"href":"https:\/\/informacionlocal.es\/de\/wp-json\/wp\/v2\/media?parent=18529"}],"wp:term":[{"taxonomy":"category","embeddable":true,"href":"https:\/\/informacionlocal.es\/de\/wp-json\/wp\/v2\/categories?post=18529"},{"taxonomy":"post_tag","embeddable":true,"href":"https:\/\/informacionlocal.es\/de\/wp-json\/wp\/v2\/tags?post=18529"}],"curies":[{"name":"wp","href":"https:\/\/api.w.org\/{rel}","templated":true}]}}