{"id":17031,"date":"2026-01-31T00:00:13","date_gmt":"2026-01-31T00:00:13","guid":{"rendered":"https:\/\/informacionlocal.es\/cerrada-la-pasarela-central-de-playa-del-matorral-por-labores-de-mantenimiento\/"},"modified":"2026-01-31T00:00:13","modified_gmt":"2026-01-31T00:00:13","slug":"cerrada-la-pasarela-central-de-playa-del-matorral-por-labores-de-mantenimiento","status":"publish","type":"post","link":"https:\/\/informacionlocal.es\/de\/cerrada-la-pasarela-central-de-playa-del-matorral-por-labores-de-mantenimiento\/","title":{"rendered":"\ufeffCerrada la pasarela central de Playa del Matorral por labores de mantenimiento"},"content":{"rendered":"<div class=\"entry-content\"><strong>30 enero, 2026<\/strong><\/p>\n<p><em><strong>La Consejer\u00eda de Medio Ambiente hace un llamamiento a la responsabilidad ciudadana, instando a un buen uso de este tipo de elementos que son fundamentales para la conservaci\u00f3n del entorno<\/strong><\/em><strong>\u2013<\/strong><\/p>\n<p>El Cabildo de Fuerteventura, a trav\u00e9s de la Consejer\u00eda de Medio Ambiente, comunica el cierre de la pasarela central que transcurre por el Sitio de Inter\u00e9s Cient\u00edfico Playa del Matorral (pr\u00f3xima al faro), por motivo de las labores que se ejecutan para su rehabilitaci\u00f3n. La pasarela permanecer\u00e1 cerrada hasta la finalizaci\u00f3n de los trabajos.<\/p>\n<p>El \u00e1rea de Medio Ambiente, que dirige Carlos Rodr\u00edguez, trabaja en el mantenimiento continuo de las dos pasarelas que se encuentran en este espacio, con el objetivo de mantenerlas en buen estado ante los efectos del mar y del paso del tiempo. Con estas actuaciones, no s\u00f3lo se mejora el acceso al entorno, sino que se contribuye a proteger y conservar un sitio de inter\u00e9s cient\u00edfico que es \u00fanico humedal de Canarias incluido en el convenio Ramsar (Tratado internacional para la protecci\u00f3n de estos ecosistemas acu\u00e1ticos).<\/p>\n<p>Al mismo tiempo, la Corporaci\u00f3n insular hace un llamamiento a la responsabilidad ciudadana para el buen uso de estas pasarelas, que se ven habitualmente da\u00f1adas por actos vand\u00e1licos. En este sentido, se quiere resaltar la importancia que tienen las pasarelas como elemento para la conservaci\u00f3n del entorno, as\u00ed como la necesidad de mantenerlas en buen estado para la propia seguridad de las personas usuarias.<\/p>\n<p>La Consejer\u00eda de Medio Ambiente ruega disculpas por las posibles molestias ocasionadas, y recuerda que, para acceder a la playa, existe una segunda pasarela de acceso que se puede utilizar para atravesar el Sitio de Inter\u00e9s Cient\u00edfico o a trav\u00e9s de los laterales.\u00a0<\/p>\n<\/div>\n","protected":false},"excerpt":{"rendered":"<p>30 enero, 2026 La Consejer\u00eda de Medio Ambiente hace un llamamiento a la responsabilidad ciudadana, instando a un buen uso de este tipo de elementos que son fundamentales para la [&hellip;]<\/p>\n","protected":false},"author":1,"featured_media":17033,"comment_status":"open","ping_status":"open","sticky":false,"template":"","format":"standard","meta":{"inline_featured_image":false,"jnews-multi-image_gallery":[],"jnews_single_post":[],"jnews_primary_category":[],"jnews_social_meta":[],"jnews_override_counter":[],"jnews_post_split":[],"footnotes":""},"categories":[58],"tags":[82,76],"class_list":["post-17031","post","type-post","status-publish","format-standard","has-post-thumbnail","hentry","category-cabildo","tag-fuerteventura","tag-medio-ambiente"],"jetpack_featured_media_url":"https:\/\/informacionlocal.es\/wp-content\/uploads\/2026\/01\/jjj.jpeg","_links":{"self":[{"href":"https:\/\/informacionlocal.es\/de\/wp-json\/wp\/v2\/posts\/17031","targetHints":{"allow":["GET"]}}],"collection":[{"href":"https:\/\/informacionlocal.es\/de\/wp-json\/wp\/v2\/posts"}],"about":[{"href":"https:\/\/informacionlocal.es\/de\/wp-json\/wp\/v2\/types\/post"}],"author":[{"embeddable":true,"href":"https:\/\/informacionlocal.es\/de\/wp-json\/wp\/v2\/users\/1"}],"replies":[{"embeddable":true,"href":"https:\/\/informacionlocal.es\/de\/wp-json\/wp\/v2\/comments?post=17031"}],"version-history":[{"count":0,"href":"https:\/\/informacionlocal.es\/de\/wp-json\/wp\/v2\/posts\/17031\/revisions"}],"wp:featuredmedia":[{"embeddable":true,"href":"https:\/\/informacionlocal.es\/de\/wp-json\/wp\/v2\/media\/17033"}],"wp:attachment":[{"href":"https:\/\/informacionlocal.es\/de\/wp-json\/wp\/v2\/media?parent=17031"}],"wp:term":[{"taxonomy":"category","embeddable":true,"href":"https:\/\/informacionlocal.es\/de\/wp-json\/wp\/v2\/categories?post=17031"},{"taxonomy":"post_tag","embeddable":true,"href":"https:\/\/informacionlocal.es\/de\/wp-json\/wp\/v2\/tags?post=17031"}],"curies":[{"name":"wp","href":"https:\/\/api.w.org\/{rel}","templated":true}]}}