{"id":17007,"date":"2026-01-30T20:00:11","date_gmt":"2026-01-30T20:00:11","guid":{"rendered":"https:\/\/informacionlocal.es\/el-pleno-del-cabildo-aprueba-una-declaracion-institucional-en-defensa-de-la-pesca-artesanal-frente-a-la-nueva-normativa-europea\/"},"modified":"2026-01-30T20:00:11","modified_gmt":"2026-01-30T20:00:11","slug":"el-pleno-del-cabildo-aprueba-una-declaracion-institucional-en-defensa-de-la-pesca-artesanal-frente-a-la-nueva-normativa-europea","status":"publish","type":"post","link":"https:\/\/informacionlocal.es\/de\/el-pleno-del-cabildo-aprueba-una-declaracion-institucional-en-defensa-de-la-pesca-artesanal-frente-a-la-nueva-normativa-europea\/","title":{"rendered":"\ufeffEl Pleno del Cabildo aprueba una declaraci\u00f3n institucional en defensa de la pesca artesanal frente a la nueva normativa europea"},"content":{"rendered":"<div class=\"entry-content\"><strong>30 enero, 2026<\/strong><\/p>\n<p><em><strong>La Corporaci\u00f3n insular pide al Ministerio que interceda ante la Comisi\u00f3n Europea ante un reglamento que pone en peligro la supervivencia de la pesca artesanal costera<\/strong><\/em><\/p>\n<p>El Pleno del Cabildo de Fuerteventura ha aprobado una declaraci\u00f3n institucional en defensa de la pesca artesanal canaria ante la aplicaci\u00f3n del nuevo Reglamento de Control Pesquero de la Uni\u00f3n Europea. Una normativa que, seg\u00fan han denunciado las cofrad\u00edas de pescadores majoreras y del Archipi\u00e9lago, pone en peligro la supervivencia de la pesca artesanal costera, que supone el sustento de muchas familias en las islas.<\/p>\n<p>La presidenta del Cabildo de Fuerteventura, Lola Garc\u00eda, ha expresado \u201cel apoyo rotundo de la instituci\u00f3n insular al sector primario y a nuestros profesionales de la pesca artesanal\u201d. \u201cUna vez m\u00e1s, las administraciones supra insulares demuestran un desconocimiento total de la realidad de nuestro sector pesquero tradicional y de proximidad. Por ello, desde la instituci\u00f3n insular manifestamos nuestro apoyo rotundo a las demandas del sector y pedimos que sean atendidas por el Ministerio para que las lleve ante Europa\u201d.<\/p>\n<p>La Federaci\u00f3n Regional de Cofrad\u00edas de Pescadores, as\u00ed como las federaciones provinciales, han denunciado que el Reglamento (UE) 2023\/2842 plantea serias dificultades para la flota artesanal canaria.\u00a0 Entre las medidas m\u00e1s controvertidas, destacan la obligaci\u00f3n de realizar un preaviso de llegada a puerto con un m\u00ednimo de cuatro horas para buques de 12 metros o m\u00e1s, incluso cuando faenan a escasos minutos de la costa, as\u00ed como la obligaci\u00f3n de declarar todas las capturas desde el denominado \u2018kilogramo cero\u2019, sin que exista capacidad t\u00e9cnica real para este requisito en las embarcaciones artesanales.<\/p>\n<p>Unas exigencias que generan inseguridad jur\u00eddica, riesgo de sanciones desproporcionadas e, incluso, posibles afecciones a la seguridad mar\u00edtima, vi\u00e9ndose amenazada la viabilidad de la pesca artesanal, el empleo en zonas costeras y el equilibrio social y econ\u00f3mico de Fuerteventura.<\/p>\n<p>Por este motivo, el Pleno del Cabildo de Fuerteventura manifiesta su apoyo a la pesca artesanal canaria y, en particular, a la flota de bajura de la Isla, e insta al Ministerio de Agricultura, Pesca y Alimentaci\u00f3n a interceder ante la Comisi\u00f3n Europea para que aplique de manera efectiva las flexibilidades previstas para Regiones Ultraperif\u00e9ricas, de manera que se garantice la adaptaci\u00f3n de la normativa a las singularidades de la flota artesanal canaria y de Fuerteventura, en particular.<\/p>\n<p>Asimismo, se defiende la aplicaci\u00f3n efectiva, del principio de proporcionalidad y del estatus de Regi\u00f3n Ultraperif\u00e9rica en toda la normativa de control pesquero que afecte a Canarias, y se solicita la exenci\u00f3n o adaptaci\u00f3n, para la flota de bajura canaria, de los aspectos m\u00e1s lesivos del reglamento.<\/p>\n<p>Tras su aprobaci\u00f3n, se da traslado del presente acuerdo al Gobierno de Espa\u00f1a, Comisi\u00f3n Europea y cofrad\u00edas de pescadores de Canarias.<\/p>\n<\/div>\n","protected":false},"excerpt":{"rendered":"<p>30 enero, 2026 La Corporaci\u00f3n insular pide al Ministerio que interceda ante la Comisi\u00f3n Europea ante un reglamento que pone en peligro la supervivencia de la pesca artesanal costera El [&hellip;]<\/p>\n","protected":false},"author":1,"featured_media":17009,"comment_status":"open","ping_status":"open","sticky":false,"template":"","format":"standard","meta":{"inline_featured_image":false,"jnews-multi-image_gallery":[],"jnews_single_post":[],"jnews_primary_category":[],"jnews_social_meta":[],"jnews_override_counter":[],"jnews_post_split":[],"footnotes":""},"categories":[58],"tags":[82],"class_list":["post-17007","post","type-post","status-publish","format-standard","has-post-thumbnail","hentry","category-cabildo","tag-fuerteventura"],"jetpack_featured_media_url":"https:\/\/informacionlocal.es\/wp-content\/uploads\/2026\/01\/eferf-1.jpeg","_links":{"self":[{"href":"https:\/\/informacionlocal.es\/de\/wp-json\/wp\/v2\/posts\/17007","targetHints":{"allow":["GET"]}}],"collection":[{"href":"https:\/\/informacionlocal.es\/de\/wp-json\/wp\/v2\/posts"}],"about":[{"href":"https:\/\/informacionlocal.es\/de\/wp-json\/wp\/v2\/types\/post"}],"author":[{"embeddable":true,"href":"https:\/\/informacionlocal.es\/de\/wp-json\/wp\/v2\/users\/1"}],"replies":[{"embeddable":true,"href":"https:\/\/informacionlocal.es\/de\/wp-json\/wp\/v2\/comments?post=17007"}],"version-history":[{"count":0,"href":"https:\/\/informacionlocal.es\/de\/wp-json\/wp\/v2\/posts\/17007\/revisions"}],"wp:featuredmedia":[{"embeddable":true,"href":"https:\/\/informacionlocal.es\/de\/wp-json\/wp\/v2\/media\/17009"}],"wp:attachment":[{"href":"https:\/\/informacionlocal.es\/de\/wp-json\/wp\/v2\/media?parent=17007"}],"wp:term":[{"taxonomy":"category","embeddable":true,"href":"https:\/\/informacionlocal.es\/de\/wp-json\/wp\/v2\/categories?post=17007"},{"taxonomy":"post_tag","embeddable":true,"href":"https:\/\/informacionlocal.es\/de\/wp-json\/wp\/v2\/tags?post=17007"}],"curies":[{"name":"wp","href":"https:\/\/api.w.org\/{rel}","templated":true}]}}