{"id":16941,"date":"2026-01-29T18:00:08","date_gmt":"2026-01-29T18:00:08","guid":{"rendered":"https:\/\/informacionlocal.es\/lola-garcia-muestra-su-respaldo-al-decreto-canarias-impulsado-por-el-gobierno-autonomico\/"},"modified":"2026-01-29T18:00:08","modified_gmt":"2026-01-29T18:00:08","slug":"lola-garcia-muestra-su-respaldo-al-decreto-canarias-impulsado-por-el-gobierno-autonomico","status":"publish","type":"post","link":"https:\/\/informacionlocal.es\/de\/lola-garcia-muestra-su-respaldo-al-decreto-canarias-impulsado-por-el-gobierno-autonomico\/","title":{"rendered":"\ufeffLola Garc\u00eda muestra su respaldo al Decreto Canarias impulsado por el Gobierno auton\u00f3mico"},"content":{"rendered":"<div class=\"entry-content\"><strong>29 enero, 2026<\/strong><\/p>\n<p><em><strong>\u201cDefender este decreto es abogar por los derechos de nuestra ciudadan\u00eda y exigir al Estado que cumpla con sus obligaciones con las islas\u201d<\/strong><\/em><\/p>\n<p>La presidenta del Cabildo de Fuerteventura, Lola Garc\u00eda, muestra su respaldo a la iniciativa impulsada por el Gobierno auton\u00f3mico, a trav\u00e9s del denominado Decreto Canarias. Una propuesta que nace de la necesidad urgente y extraordinaria \u201cde evitar que la par\u00e1lisis pol\u00edtica del Estado siga perjudicando a Canarias y, de manera directa, a islas como Fuerteventura\u201d, expone la presidenta insular.<\/p>\n<p>Seg\u00fan advierte Garc\u00eda, \u201cla falta de aprobaci\u00f3n de los Presupuestos Generales del Estado ha impedido durante a\u00f1os la ejecuci\u00f3n de partidas imprescindibles para la prestaci\u00f3n de servicios p\u00fablicos esenciales. Una situaci\u00f3n ante la que Canarias no puede, ni debe quedarse bloqueada esperando por Madrid y por la aprobaci\u00f3n o no de unos presupuestos\u201d.<\/p>\n<p>En Fuerteventura, esta realidad se vive con especial intensidad \u201cpor nuestra condici\u00f3n de regi\u00f3n ultraperif\u00e9rica y la doble insularidad\u201d. Esta condici\u00f3n incrementa los sobrecostes en \u00e1mbitos clave como el transporte, las infraestructuras, la sanidad, el agua o la energ\u00eda, entre muchos otros asuntos prioritarios\u201d.<\/p>\n<p>El decreto contempla inversiones esenciales en todos estos \u00e1mbitos, adem\u00e1s de mecanismos para asegurar su financiaci\u00f3n, aun en ausencia de presupuestos estatales aprobados. \u201cMedidas que son fundamentales para sostener el desarrollo econ\u00f3mico y social de Fuerteventura\u201d.<\/p>\n<p>\u201cDefender este decreto es defender los derechos de la ciudadan\u00eda de Fuerteventura, es exigir que el Estado cumpla con sus obligaciones y es apostar por una Canarias que no se detiene, que avanza y que reclama lo que le corresponde con unidad, firmeza y responsabilidad\u201d, concluye Garc\u00eda.\u00a0<\/p>\n<\/div>\n","protected":false},"excerpt":{"rendered":"<p>29 enero, 2026 \u201cDefender este decreto es abogar por los derechos de nuestra ciudadan\u00eda y exigir al Estado que cumpla con sus obligaciones con las islas\u201d La presidenta del Cabildo [&hellip;]<\/p>\n","protected":false},"author":1,"featured_media":16943,"comment_status":"open","ping_status":"open","sticky":false,"template":"","format":"standard","meta":{"inline_featured_image":false,"jnews-multi-image_gallery":[],"jnews_single_post":[],"jnews_primary_category":[],"jnews_social_meta":[],"jnews_override_counter":[],"jnews_post_split":[],"footnotes":""},"categories":[58],"tags":[82,74,66],"class_list":["post-16941","post","type-post","status-publish","format-standard","has-post-thumbnail","hentry","category-cabildo","tag-fuerteventura","tag-sanidad","tag-servicios-publicos"],"jetpack_featured_media_url":"https:\/\/informacionlocal.es\/wp-content\/uploads\/2026\/01\/20251031_pleno_cabildo-26-1.jpg","_links":{"self":[{"href":"https:\/\/informacionlocal.es\/de\/wp-json\/wp\/v2\/posts\/16941","targetHints":{"allow":["GET"]}}],"collection":[{"href":"https:\/\/informacionlocal.es\/de\/wp-json\/wp\/v2\/posts"}],"about":[{"href":"https:\/\/informacionlocal.es\/de\/wp-json\/wp\/v2\/types\/post"}],"author":[{"embeddable":true,"href":"https:\/\/informacionlocal.es\/de\/wp-json\/wp\/v2\/users\/1"}],"replies":[{"embeddable":true,"href":"https:\/\/informacionlocal.es\/de\/wp-json\/wp\/v2\/comments?post=16941"}],"version-history":[{"count":0,"href":"https:\/\/informacionlocal.es\/de\/wp-json\/wp\/v2\/posts\/16941\/revisions"}],"wp:featuredmedia":[{"embeddable":true,"href":"https:\/\/informacionlocal.es\/de\/wp-json\/wp\/v2\/media\/16943"}],"wp:attachment":[{"href":"https:\/\/informacionlocal.es\/de\/wp-json\/wp\/v2\/media?parent=16941"}],"wp:term":[{"taxonomy":"category","embeddable":true,"href":"https:\/\/informacionlocal.es\/de\/wp-json\/wp\/v2\/categories?post=16941"},{"taxonomy":"post_tag","embeddable":true,"href":"https:\/\/informacionlocal.es\/de\/wp-json\/wp\/v2\/tags?post=16941"}],"curies":[{"name":"wp","href":"https:\/\/api.w.org\/{rel}","templated":true}]}}