{"id":16921,"date":"2026-01-29T14:00:10","date_gmt":"2026-01-29T14:00:10","guid":{"rendered":"https:\/\/informacionlocal.es\/pajara-recupera-el-deporte-automovilistico-con-el-campeonato-de-canarias-de-rally-sprint\/"},"modified":"2026-01-29T14:00:10","modified_gmt":"2026-01-29T14:00:10","slug":"pajara-recupera-el-deporte-automovilistico-con-el-campeonato-de-canarias-de-rally-sprint","status":"publish","type":"post","link":"https:\/\/informacionlocal.es\/de\/pajara-recupera-el-deporte-automovilistico-con-el-campeonato-de-canarias-de-rally-sprint\/","title":{"rendered":"P\u00e1jara recupera el deporte automovil\u00edstico con el Campeonato de Canarias de Rally Sprint"},"content":{"rendered":"<div class=\"entry-content\">\n<p><em><strong>El Ayuntamiento, junto a la Federaci\u00f3n Canaria de Automovilismo y los<\/strong><\/em><br \/><em><strong>clubes asociados ultiman los detalles de la competici\u00f3n que se llevar\u00e1\u00a0 a cabo el d\u00eda 15 de agosto en Card\u00f3n<\/strong><\/em><\/p>\n<p>El Ayuntamiento de P\u00e1jara ultima los preparativos para acoger el Rally Sprint en el municipio, prueba del campeonato de Canarias. La competici\u00f3n se llevar\u00e1 a cabo el d\u00eda 15 de agosto en Card\u00f3n.<\/p>\n<p>El Consistorio mantuvo esta ma\u00f1ana una reuni\u00f3n con el presidente de la Federaci\u00f3n Canaria de Automovilismo, Miguel \u00c1ngel Dom\u00ednguez, y los<br \/>\nrepresentantes de los Clubs Unidos de Fuerteventura, formados por el Club<br \/>\nDeportivo Tibiab\u00edn, Betan, FuerteMotor y Adael RS, Ernesto Su\u00e1rez y Javier<br \/>\nFranquiz.<\/p>\n<p>El concejal de Deportes, Jos\u00e9 Benito Alonso, subray\u00f3 que el tramo de Card\u00f3n cuenta con 5,5 kil\u00f3metros aproximadamente. Asimismo apunt\u00f3 que \u201ceste encuentro se ha consolidado como una de las citas deportivas m\u00e1s esperadas<br \/>\ndel 2026 y uno de los prop\u00f3sitos como Concejal de deportes el traer eventos<br \/>\ndeportivos nuevos para nuestro municipio de P\u00e1jara\u201d.<\/p>\n<p>La concejala de Econom\u00eda y Hacienda que tambi\u00e9n particip\u00f3 en la reuni\u00f3n,<br \/>\nKathaisa Rodr\u00edguez, se\u00f1al\u00f3 que estas competiciones generan un impacto<br \/>\necon\u00f3mico positivo en el municipio, ya que este deporte desplaza a muchos<br \/>\naficionados d\u00edas antes de la propia prueba. \u201cLa competici\u00f3n se celebrar\u00e1 en<br \/>\ncompromiso con el medio ambiente\u201d, asegura.<\/p>\n<p>La prueba comenzar\u00e1 desde las 9:00 horas con verificaciones t\u00e9cnicas y<br \/>\nadministrativas en la plaza de Card\u00f3n. Posteriormente, sobre las 12:00 horas<br \/>\nse iniciar\u00e1 la competici\u00f3n, que terminar\u00e1 con una entrega de trofeos sobre las<br \/>\n16:00 horas de la tarde, reconociendo el valor y esfuerzo de los pilotos.<\/p>\n<\/div>\n","protected":false},"excerpt":{"rendered":"<p>El Ayuntamiento, junto a la Federaci\u00f3n Canaria de Automovilismo y losclubes asociados ultiman los detalles de la competici\u00f3n que se llevar\u00e1\u00a0 a cabo el d\u00eda 15 de agosto en Card\u00f3n [&hellip;]<\/p>\n","protected":false},"author":1,"featured_media":16923,"comment_status":"open","ping_status":"open","sticky":false,"template":"","format":"standard","meta":{"inline_featured_image":false,"jnews-multi-image_gallery":[],"jnews_single_post":[],"jnews_primary_category":[],"jnews_social_meta":[],"jnews_override_counter":[],"jnews_post_split":[],"footnotes":""},"categories":[63],"tags":[310,69,82,76],"class_list":["post-16921","post","type-post","status-publish","format-standard","has-post-thumbnail","hentry","category-pajara","tag-deportes","tag-eventos","tag-fuerteventura","tag-medio-ambiente"],"jetpack_featured_media_url":"https:\/\/informacionlocal.es\/wp-content\/uploads\/2026\/01\/reunion-rally-sprint-1.jpeg","_links":{"self":[{"href":"https:\/\/informacionlocal.es\/de\/wp-json\/wp\/v2\/posts\/16921","targetHints":{"allow":["GET"]}}],"collection":[{"href":"https:\/\/informacionlocal.es\/de\/wp-json\/wp\/v2\/posts"}],"about":[{"href":"https:\/\/informacionlocal.es\/de\/wp-json\/wp\/v2\/types\/post"}],"author":[{"embeddable":true,"href":"https:\/\/informacionlocal.es\/de\/wp-json\/wp\/v2\/users\/1"}],"replies":[{"embeddable":true,"href":"https:\/\/informacionlocal.es\/de\/wp-json\/wp\/v2\/comments?post=16921"}],"version-history":[{"count":0,"href":"https:\/\/informacionlocal.es\/de\/wp-json\/wp\/v2\/posts\/16921\/revisions"}],"wp:featuredmedia":[{"embeddable":true,"href":"https:\/\/informacionlocal.es\/de\/wp-json\/wp\/v2\/media\/16923"}],"wp:attachment":[{"href":"https:\/\/informacionlocal.es\/de\/wp-json\/wp\/v2\/media?parent=16921"}],"wp:term":[{"taxonomy":"category","embeddable":true,"href":"https:\/\/informacionlocal.es\/de\/wp-json\/wp\/v2\/categories?post=16921"},{"taxonomy":"post_tag","embeddable":true,"href":"https:\/\/informacionlocal.es\/de\/wp-json\/wp\/v2\/tags?post=16921"}],"curies":[{"name":"wp","href":"https:\/\/api.w.org\/{rel}","templated":true}]}}