{"id":16915,"date":"2026-01-29T09:00:06","date_gmt":"2026-01-29T09:00:06","guid":{"rendered":"https:\/\/informacionlocal.es\/los-participantes-del-programa-nuevas-oportunidades-de-empleo-reciben-formacion-complementaria-en-igualdad\/"},"modified":"2026-01-29T09:00:06","modified_gmt":"2026-01-29T09:00:06","slug":"los-participantes-del-programa-nuevas-oportunidades-de-empleo-reciben-formacion-complementaria-en-igualdad","status":"publish","type":"post","link":"https:\/\/informacionlocal.es\/de\/los-participantes-del-programa-nuevas-oportunidades-de-empleo-reciben-formacion-complementaria-en-igualdad\/","title":{"rendered":"\ufeffLos participantes del programa Nuevas Oportunidades de Empleo reciben formaci\u00f3n complementaria en igualdad"},"content":{"rendered":"<div class=\"entry-content\"><strong>29 enero, 2026<\/strong><\/p>\n<p><em><strong>La formaci\u00f3n ha sido impartida por la Federaci\u00f3n de Asociaciones de Mujeres Arena y Laurisilva<\/strong><\/em><\/p>\n<p>Los veinte participantes en pr\u00e1cticas del programa Nuevas Oportunidades de Empleo de Fuerteventura 2025 del Cabildo de Fuerteventura han recibido una formaci\u00f3n complementaria sobre igualdad, dentro de las acciones formativas que se contemplan dentro de este proyecto.<\/p>\n<p>Bajo el t\u00edtulo \u2018\u00bfQu\u00e9 es eso de igualdad? \u00a1Que la igualdad sea la norma, no la excepci\u00f3n\u2019, la formaci\u00f3n fue impartida por Federaci\u00f3n de Asociaciones de Mujeres Arena y Laurisilva.<\/p>\n<p>La agente de igualdad de Arena y Laurisilva introdujo a los y las participantes en el concepto de igualdad desde sus diferentes \u00e1mbitos. Asimismo, defini\u00f3 el marco normativo, diferenciando entre igualdad de trato e igualdad de oportunidades, as\u00ed como los diferentes planes de igualdad y herramientas para mejorar el lenguaje desde el punto de vista de la igualdad.<\/p>\n<p>El programa Nuevas Oportunidades de Empleo 2025 es promovido por la Consejer\u00eda de Fomento del Empleo, que dirige Nuria Cabrera, dando una oportunidad laboral a reci\u00e9n titulados universitarios y de formaci\u00f3n profesional, que trabajan durante un a\u00f1o en las diferentes \u00e1reas de la Corporaci\u00f3n insular, con una inversi\u00f3n de 1,1 millones de euros.<\/p>\n<p>Debido al \u00e9xito de este programa en anteriores ediciones, el Cabildo ha incrementado la inversi\u00f3n con fondos propios, que supone m\u00e1s del 46% de la financiaci\u00f3n.<\/p>\n<p>Las personas beneficiarias trabajan en \u00e1reas como Recursos Humanos, Cultura, Deportes, Educaci\u00f3n y Juventud, Empleo, Inform\u00e1tica, Servicios Sociales, Ordenaci\u00f3n del Territorio, Centro de Arte Juan Ismael, Museos de Fuerteventura, Turismo, Centro Bibliotecario Insular y en el Consejo Insular de Aguas.<\/p>\n<p>El programa Nuevas Oportunidades de Empleo 2025 es cofinanciado por el Servicio Canario de Empleo y el Fondo Social Europeo Plus, Programa FSE+ Canarias 2021-2027, con una tasa de cofinanciaci\u00f3n del 85%, dentro de las prioridades 4 (empleo, adaptabilidad, Emprendimiento y econom\u00eda social) y 5 (empleo juvenil). Adem\u00e1s de la cofinanciaci\u00f3n mencionada, la parte no subvencionable del proyecto, se cofinancia entre el Cabildo de Fuerteventura y el Gobierno de Canarias, a trav\u00e9s de los recursos del Fondo de Desarrollo de Canarias (FDCAN).<\/p>\n<\/div>\n","protected":false},"excerpt":{"rendered":"<p>29 enero, 2026 La formaci\u00f3n ha sido impartida por la Federaci\u00f3n de Asociaciones de Mujeres Arena y Laurisilva Los veinte participantes en pr\u00e1cticas del programa Nuevas Oportunidades de Empleo de [&hellip;]<\/p>\n","protected":false},"author":1,"featured_media":16917,"comment_status":"open","ping_status":"open","sticky":false,"template":"","format":"standard","meta":{"inline_featured_image":false,"jnews-multi-image_gallery":[],"jnews_single_post":[],"jnews_primary_category":[],"jnews_social_meta":[],"jnews_override_counter":[],"jnews_post_split":[],"footnotes":""},"categories":[58],"tags":[73,82,421],"class_list":["post-16915","post","type-post","status-publish","format-standard","has-post-thumbnail","hentry","category-cabildo","tag-educacion","tag-fuerteventura","tag-igualdad"],"jetpack_featured_media_url":"https:\/\/informacionlocal.es\/wp-content\/uploads\/2026\/01\/wfwef.jpeg","_links":{"self":[{"href":"https:\/\/informacionlocal.es\/de\/wp-json\/wp\/v2\/posts\/16915","targetHints":{"allow":["GET"]}}],"collection":[{"href":"https:\/\/informacionlocal.es\/de\/wp-json\/wp\/v2\/posts"}],"about":[{"href":"https:\/\/informacionlocal.es\/de\/wp-json\/wp\/v2\/types\/post"}],"author":[{"embeddable":true,"href":"https:\/\/informacionlocal.es\/de\/wp-json\/wp\/v2\/users\/1"}],"replies":[{"embeddable":true,"href":"https:\/\/informacionlocal.es\/de\/wp-json\/wp\/v2\/comments?post=16915"}],"version-history":[{"count":0,"href":"https:\/\/informacionlocal.es\/de\/wp-json\/wp\/v2\/posts\/16915\/revisions"}],"wp:featuredmedia":[{"embeddable":true,"href":"https:\/\/informacionlocal.es\/de\/wp-json\/wp\/v2\/media\/16917"}],"wp:attachment":[{"href":"https:\/\/informacionlocal.es\/de\/wp-json\/wp\/v2\/media?parent=16915"}],"wp:term":[{"taxonomy":"category","embeddable":true,"href":"https:\/\/informacionlocal.es\/de\/wp-json\/wp\/v2\/categories?post=16915"},{"taxonomy":"post_tag","embeddable":true,"href":"https:\/\/informacionlocal.es\/de\/wp-json\/wp\/v2\/tags?post=16915"}],"curies":[{"name":"wp","href":"https:\/\/api.w.org\/{rel}","templated":true}]}}