{"id":16897,"date":"2026-01-28T19:00:03","date_gmt":"2026-01-28T19:00:03","guid":{"rendered":"https:\/\/informacionlocal.es\/los-pfae-gj-fuerteventura-te-cuida-en-casa-y-fuerteventura-conserva-su-medio-viven-un-encuentro-con-el-tejido-empresarial-de-fuerteventura\/"},"modified":"2026-01-28T19:00:03","modified_gmt":"2026-01-28T19:00:03","slug":"los-pfae-gj-fuerteventura-te-cuida-en-casa-y-fuerteventura-conserva-su-medio-viven-un-encuentro-con-el-tejido-empresarial-de-fuerteventura","status":"publish","type":"post","link":"https:\/\/informacionlocal.es\/de\/los-pfae-gj-fuerteventura-te-cuida-en-casa-y-fuerteventura-conserva-su-medio-viven-un-encuentro-con-el-tejido-empresarial-de-fuerteventura\/","title":{"rendered":"\ufeffLos PFAE-GJ \u2018Fuerteventura te cuida en casa\u2019 y \u2018Fuerteventura conserva su medio\u2019 viven un encuentro con el tejido empresarial de Fuerteventura"},"content":{"rendered":"<div class=\"entry-content\"><strong>28 enero, 2026<\/strong><\/p>\n<p><strong><em>Los alumnos-trabajadores de los PFAE han adquirido herramientas que permiten cubrir las necesidades reales del mercado laboral insular<\/em><\/strong><\/p>\n<p>Los alumnos-trabajadores de los PFAE-GJ \u2018Fuerteventura te cuida en casa\u2019 y \u2018Fuerteventura conserva su medio\u2019 del Cabildo insular participaron hoy en un encuentro con el tejido empresarial majorero, con el objetivo de crear sinergias y seguir favoreciendo la inserci\u00f3n laboral de personas j\u00f3venes en situaci\u00f3n de desempleo.<\/p>\n<p>En el encuentro estuvieron presentes los 30 alumnos-trabajadores que suman los dos programas de alternancia con el empleo-garant\u00eda juvenil (PFAE-GJ), as\u00ed como sus respectivos equipos directivos, coordinadores, docentes y personal de apoyo administrativo. Compartieron experiencias con representantes de seis entidades: C\u00e1mara de Comercio de Fuerteventura, Nivaria S.L., AFFA, Adisfuer, Garden Center La Lajita y Gesplan.<\/p>\n<p>La consejera de Fomento del Empleo, Nuria Cabrera, dio la bienvenida al acto, en el que los beneficiarios de los PFAE-GJ dieron a conocer las competencias profesionales, personales y sociales que han adquirido a lo largo de su formaci\u00f3n y trabajo.<\/p>\n<p>\u201cEs importante coordinarse con el tejido empresarial majorero, as\u00ed como visibilizar el talento joven que se forma en los programas de empleo, que se preparan para incorporarse al mercado laboral\u201d, expres\u00f3 Cabrera.<\/p>\n<p><strong>Los PFAE-GJ<\/strong><\/p>\n<p>El programa \u2018Fuerteventura te cuida en casa\u2019 forma a 15 j\u00f3venes en certificaciones de profesionales del \u00e1mbito sociosanitario y desarrollan atenci\u00f3n a personas dependientes tanto en instituciones sociales como en sus propios domicilios, contribuyendo a la mejora de su autonom\u00eda personal y calidad de vida.<\/p>\n<p>Al mismo tiempo, otros 15 j\u00f3venes se forman en certificados de profesionalidad como auxiliares en viveros, jardines y centros de jardiner\u00eda, as\u00ed como mantenimiento de jardines y zonas verdes. Este programa desarrolla obras y servicios en la Estaci\u00f3n Biol\u00f3gica de La Oliva y el Parque Municipal \u2018La Tunera\u2019 del municipio de La Oliva.<\/p>\n<p>Los PFAE-GJ son financiados por Servicio Canario de Empleo y cofinanciado al 85% por el Programa Fondo Social Europeo Plus 2021-2027 Canarias y por el Cabildo de Fuerteventura y el Gobierno de Canarias, a trav\u00e9s de los recursos del Fondo de Desarrollo de Canarias (FDCAN).<\/p>\n<\/div>\n","protected":false},"excerpt":{"rendered":"<p>28 enero, 2026 Los alumnos-trabajadores de los PFAE han adquirido herramientas que permiten cubrir las necesidades reales del mercado laboral insular Los alumnos-trabajadores de los PFAE-GJ \u2018Fuerteventura te cuida en [&hellip;]<\/p>\n","protected":false},"author":1,"featured_media":16899,"comment_status":"open","ping_status":"open","sticky":false,"template":"","format":"standard","meta":{"inline_featured_image":false,"jnews-multi-image_gallery":[],"jnews_single_post":[],"jnews_primary_category":[],"jnews_social_meta":[],"jnews_override_counter":[],"jnews_post_split":[],"footnotes":""},"categories":[58],"tags":[82],"class_list":["post-16897","post","type-post","status-publish","format-standard","has-post-thumbnail","hentry","category-cabildo","tag-fuerteventura"],"jetpack_featured_media_url":"https:\/\/informacionlocal.es\/wp-content\/uploads\/2026\/01\/rrrr-t.jpeg","_links":{"self":[{"href":"https:\/\/informacionlocal.es\/de\/wp-json\/wp\/v2\/posts\/16897","targetHints":{"allow":["GET"]}}],"collection":[{"href":"https:\/\/informacionlocal.es\/de\/wp-json\/wp\/v2\/posts"}],"about":[{"href":"https:\/\/informacionlocal.es\/de\/wp-json\/wp\/v2\/types\/post"}],"author":[{"embeddable":true,"href":"https:\/\/informacionlocal.es\/de\/wp-json\/wp\/v2\/users\/1"}],"replies":[{"embeddable":true,"href":"https:\/\/informacionlocal.es\/de\/wp-json\/wp\/v2\/comments?post=16897"}],"version-history":[{"count":0,"href":"https:\/\/informacionlocal.es\/de\/wp-json\/wp\/v2\/posts\/16897\/revisions"}],"wp:featuredmedia":[{"embeddable":true,"href":"https:\/\/informacionlocal.es\/de\/wp-json\/wp\/v2\/media\/16899"}],"wp:attachment":[{"href":"https:\/\/informacionlocal.es\/de\/wp-json\/wp\/v2\/media?parent=16897"}],"wp:term":[{"taxonomy":"category","embeddable":true,"href":"https:\/\/informacionlocal.es\/de\/wp-json\/wp\/v2\/categories?post=16897"},{"taxonomy":"post_tag","embeddable":true,"href":"https:\/\/informacionlocal.es\/de\/wp-json\/wp\/v2\/tags?post=16897"}],"curies":[{"name":"wp","href":"https:\/\/api.w.org\/{rel}","templated":true}]}}