{"id":16855,"date":"2026-01-28T11:00:24","date_gmt":"2026-01-28T11:00:24","guid":{"rendered":"https:\/\/informacionlocal.es\/puerto-del-rosario-celebra-el-dia-escolar-de-la-no-violencia-y-la-paz-con-una-jornada-educativa-y-familiar\/"},"modified":"2026-01-28T11:00:24","modified_gmt":"2026-01-28T11:00:24","slug":"puerto-del-rosario-celebra-el-dia-escolar-de-la-no-violencia-y-la-paz-con-una-jornada-educativa-y-familiar","status":"publish","type":"post","link":"https:\/\/informacionlocal.es\/de\/puerto-del-rosario-celebra-el-dia-escolar-de-la-no-violencia-y-la-paz-con-una-jornada-educativa-y-familiar\/","title":{"rendered":"Puerto del Rosario celebra el D\u00eda Escolar de la No Violencia y la Paz con una jornada educativa y familiar"},"content":{"rendered":"<div class=\"entry-content\">\n<ul>\n<li><strong>La Plaza de La Paz acoger\u00e1 el pr\u00f3ximo 30 de enero actividades escolares por la ma\u00f1ana y una programaci\u00f3n l\u00fadica y cultural abierta a toda la familia por la tarde<\/strong><strong>\u00a0<\/strong><\/li>\n<\/ul>\n<p><strong>En Puerto del Rosario, a 28 de enero de 2026.-<\/strong> Puerto del Rosario celebrar\u00e1 el pr\u00f3ximo 30 de enero el D\u00eda Escolar de la No Violencia y la Paz con una jornada pensada para educar en valores desde la infancia y compartir, en comunidad, un mensaje claro de convivencia, respeto y cultura de paz.<\/p>\n<p>La programaci\u00f3n se desarrollar\u00e1 en la Plaza de La Paz, con actividades diferenciadas a lo largo del d\u00eda. Durante la ma\u00f1ana, de 09:30 a 12:30 horas, se lleva<\/p>\n<div class=\"wp-video\"><video class=\"wp-video-shortcode\" id=\"video-158314-1\" width=\"1080\" height=\"608\" preload=\"metadata\" controls=\"controls\"><source type=\"video\/mp4\" src=\"https:\/\/www.puertodelrosario.org\/wp-content\/uploads\/Dia-de-la-Paz.mp4?_=1\" \/><\/video><\/div>\n<p>r\u00e1n a cabo numerosas acciones dirigidas a los centros educativos del municipio, entre ellas charlas, proyecci\u00f3n de documentales y una simb\u00f3lica suelta de palomas.<\/p>\n<p>Ya por la tarde, el espacio se transformar\u00e1 en un punto de encuentro para toda la familia, con una tarde en familia que incluir\u00e1 hinchables, animaci\u00f3n infantil y cine, ofreciendo un plan l\u00fadico y educativo para disfrutar juntos.<\/p>\n<p>\u00a0<\/p>\n<p>La jornada culminar\u00e1 a las 18:30 horas con la representaci\u00f3n teatral \u201cEl bosque encantado\u201d, a cargo de la Compa\u00f1\u00eda Habemus Teatro, una propuesta cultural pensada para el p\u00fablico familiar que refuerza, desde el lenguaje esc\u00e9nico, los valores de respeto, empat\u00eda y convivencia.<\/p>\n<p>El alcalde de Puerto del Rosario destac\u00f3 que \u201ceste d\u00eda nos recuerda la importancia de educar desde edades tempranas en el respeto, la tolerancia y la paz, pero tambi\u00e9n de hacerlo de forma participativa, cercana y compartida en espacios p\u00fablicos\u201d.<\/p>\n<p>Por su parte, el concejal de Cultura, Juan Manuel Verdugo, se\u00f1al\u00f3 que \u201cla cultura es una herramienta fundamental para transmitir mensajes tan necesarios como la no violencia y la convivencia, y hacerlo a trav\u00e9s del teatro, el cine o la animaci\u00f3n permite llegar de forma directa y emocional a peque\u00f1os y mayores\u201d. Adem\u00e1s, a\u00f1adi\u00f3 que \u201cesta programaci\u00f3n busca unir educaci\u00f3n, cultura y ocio en una jornada abierta y pensada para todos\u201d.<\/p>\n<p>En la organizaci\u00f3n de esta iniciativa colaboran Ciudades Amigas de la Infancia (CAI), la Asociaci\u00f3n Cultur Uni, Adivia y la Asociaci\u00f3n y Grupo Colomb\u00f3filo de Puerto del Rosario, cuyo apoyo ha sido clave para el desarrollo de las actividades.<\/p>\n<p>\u00a0<\/p>\n<\/div>\n","protected":false},"excerpt":{"rendered":"<p>La Plaza de La Paz acoger\u00e1 el pr\u00f3ximo 30 de enero actividades escolares por la ma\u00f1ana y una programaci\u00f3n l\u00fadica y cultural abierta a toda la familia por la tarde\u00a0 [&hellip;]<\/p>\n","protected":false},"author":1,"featured_media":16857,"comment_status":"open","ping_status":"open","sticky":false,"template":"","format":"standard","meta":{"inline_featured_image":false,"jnews-multi-image_gallery":[],"jnews_single_post":[],"jnews_primary_category":[],"jnews_social_meta":[],"jnews_override_counter":[],"jnews_post_split":[],"footnotes":""},"categories":[61],"tags":[78,73],"class_list":["post-16855","post","type-post","status-publish","format-standard","has-post-thumbnail","hentry","category-puerto-del-rosario","tag-cultura-y-ocio","tag-educacion"],"jetpack_featured_media_url":"https:\/\/informacionlocal.es\/wp-content\/uploads\/2026\/01\/dia-de-la-paz.png","_links":{"self":[{"href":"https:\/\/informacionlocal.es\/de\/wp-json\/wp\/v2\/posts\/16855","targetHints":{"allow":["GET"]}}],"collection":[{"href":"https:\/\/informacionlocal.es\/de\/wp-json\/wp\/v2\/posts"}],"about":[{"href":"https:\/\/informacionlocal.es\/de\/wp-json\/wp\/v2\/types\/post"}],"author":[{"embeddable":true,"href":"https:\/\/informacionlocal.es\/de\/wp-json\/wp\/v2\/users\/1"}],"replies":[{"embeddable":true,"href":"https:\/\/informacionlocal.es\/de\/wp-json\/wp\/v2\/comments?post=16855"}],"version-history":[{"count":0,"href":"https:\/\/informacionlocal.es\/de\/wp-json\/wp\/v2\/posts\/16855\/revisions"}],"wp:featuredmedia":[{"embeddable":true,"href":"https:\/\/informacionlocal.es\/de\/wp-json\/wp\/v2\/media\/16857"}],"wp:attachment":[{"href":"https:\/\/informacionlocal.es\/de\/wp-json\/wp\/v2\/media?parent=16855"}],"wp:term":[{"taxonomy":"category","embeddable":true,"href":"https:\/\/informacionlocal.es\/de\/wp-json\/wp\/v2\/categories?post=16855"},{"taxonomy":"post_tag","embeddable":true,"href":"https:\/\/informacionlocal.es\/de\/wp-json\/wp\/v2\/tags?post=16855"}],"curies":[{"name":"wp","href":"https:\/\/api.w.org\/{rel}","templated":true}]}}