{"id":16788,"date":"2026-01-27T13:58:38","date_gmt":"2026-01-27T13:58:38","guid":{"rendered":"https:\/\/informacionlocal.es\/el-ayuntamiento-aclara-los-motivos-del-precinto-de-la-actividad-en-la-plaza-millares-sall\/"},"modified":"2026-01-27T13:58:38","modified_gmt":"2026-01-27T13:58:38","slug":"el-ayuntamiento-aclara-los-motivos-del-precinto-de-la-actividad-en-la-plaza-millares-sall","status":"publish","type":"post","link":"https:\/\/informacionlocal.es\/de\/el-ayuntamiento-aclara-los-motivos-del-precinto-de-la-actividad-en-la-plaza-millares-sall\/","title":{"rendered":"El Ayuntamiento aclara los motivos del precinto de la actividad en la Plaza Millares Sall"},"content":{"rendered":"<div class=\"entry-content\">\n<ul>\n<li><span><strong>La suspensi\u00f3n responde exclusivamente al incumplimiento de requisitos legales esenciales y a criterios de seguridad, no a decisiones arbitrarias ni pol\u00edticas.<\/strong><strong>\u00a0<\/strong><\/span><\/li>\n<\/ul>\n<p><span><strong>En Puerto del Rosario, a 27 de enero de 2026.-<\/strong> Ante la informaci\u00f3n err\u00f3nea que se ha vertido en los \u00faltimos d\u00edas sobre la adjudicaci\u00f3n y el posterior precinto de la actividad en la Plaza Millares Sall, el Ayuntamiento de Puerto del Rosario considera necesario realizar una aclaraci\u00f3n p\u00fablica basada en hechos objetivos y en la cronolog\u00eda administrativa del expediente.<\/span><\/p>\n<p><span>La concesi\u00f3n del servicio fue resuelta el 21 de octubre de 2022. No obstante, el inicio efectivo de la actividad qued\u00f3 condicionado al cumplimiento de una serie de obligaciones legales y contractuales imprescindibles, entre ellas la obtenci\u00f3n de la licencia de apertura, la contrataci\u00f3n correcta de los seguros obligatorios y la acreditaci\u00f3n de los medios materiales y humanos necesarios.<\/span><\/p>\n<p><span>El 3 de octubre de 2025, un acta de la Polic\u00eda Local dej\u00f3 constancia de que la actividad se estaba desarrollando sin licencia de apertura ni seguro de responsabilidad civil v\u00e1lido, una situaci\u00f3n que, adem\u00e1s de contravenir el pliego de condiciones, supone un riesgo evidente para la seguridad de las personas usuarias y trabajadoras.<\/span><\/p>\n<p><span>Posteriormente, los informes t\u00e9cnicos emitidos por la responsable del contrato pusieron de manifiesto m\u00faltiples incumplimientos, entre los que destacan la falta de pago del canon correspondiente a las anualidades 2024 y 2025. As\u00ed como la inexistencia de seguros exigidos a nombre del concesionario, la ausencia de formaci\u00f3n acreditada del personal, la no inscripci\u00f3n en el Registro Sanitario correspondiente y la falta de autorizaci\u00f3n administrativa para una actividad clasificada, en este caso con instalaci\u00f3n de gas, con el riesgo que conlleva al tratarse de un kiosco de madera.<\/span><\/p>\n<p><span>Ante esta situaci\u00f3n, el 5 de noviembre de 2025, el \u00f3rgano de contrataci\u00f3n requiri\u00f3 formalmente a la adjudicataria para que subsanara las deficiencias detectadas. Sin embargo, transcurrido ampliamente el plazo concedido, no se acredit\u00f3 el cumplimiento de los requisitos exigidos, manteni\u00e9ndose las irregularidades se\u00f1aladas.<\/span><\/p>\n<p><span>Por todo ello, y atendiendo exclusivamente a criterios t\u00e9cnicos, legales y de seguridad, el Ayuntamiento resolvi\u00f3 el 19 de enero de 2026 iniciar el procedimiento de resoluci\u00f3n del contrato y ordenar la suspensi\u00f3n inmediata de la actividad, una medida preventiva que tiene como \u00fanico objetivo proteger el inter\u00e9s general y garantizar que cualquier actividad que se desarrolle en espacios p\u00fablicos municipales lo haga con todas las garant\u00edas legales.<\/span><\/p>\n<p><span>Asimismo, el 21 de enero de 2026, el Departamento de Urbanismo resolvi\u00f3 dejar sin efectos la comunicaci\u00f3n previa para la instalaci\u00f3n de la actividad, al no resultar compatible con la normativa aplicable, declarando la imposibilidad de continuar con la explotaci\u00f3n de la actividad hasta la obtenci\u00f3n de los permisos exigidos por la ley y el contrato.<\/span><\/p>\n<p><span>Desde el Ayuntamiento se insiste en que no existe arbitrariedad ni voluntad de perjuicio, sino la obligaci\u00f3n legal de actuar cuando no se cumplen las condiciones m\u00ednimas exigidas por la normativa vigente. La defensa de la seguridad, la legalidad y el correcto uso de los espacios p\u00fablicos es una responsabilidad irrenunciable de esta administraci\u00f3n.<\/span><\/p>\n<\/div>\n","protected":false},"excerpt":{"rendered":"<p>La suspensi\u00f3n responde exclusivamente al incumplimiento de requisitos legales esenciales y a criterios de seguridad, no a decisiones arbitrarias ni pol\u00edticas.\u00a0 En Puerto del Rosario, a 27 de enero de [&hellip;]<\/p>\n","protected":false},"author":1,"featured_media":16790,"comment_status":"open","ping_status":"open","sticky":false,"template":"","format":"standard","meta":{"inline_featured_image":false,"jnews-multi-image_gallery":[],"jnews_single_post":[],"jnews_primary_category":[],"jnews_social_meta":[],"jnews_override_counter":[],"jnews_post_split":[],"footnotes":""},"categories":[61],"tags":[182],"class_list":["post-16788","post","type-post","status-publish","format-standard","has-post-thumbnail","hentry","category-puerto-del-rosario","tag-seguridad"],"jetpack_featured_media_url":"https:\/\/informacionlocal.es\/wp-content\/uploads\/2026\/01\/precinto.png","_links":{"self":[{"href":"https:\/\/informacionlocal.es\/de\/wp-json\/wp\/v2\/posts\/16788","targetHints":{"allow":["GET"]}}],"collection":[{"href":"https:\/\/informacionlocal.es\/de\/wp-json\/wp\/v2\/posts"}],"about":[{"href":"https:\/\/informacionlocal.es\/de\/wp-json\/wp\/v2\/types\/post"}],"author":[{"embeddable":true,"href":"https:\/\/informacionlocal.es\/de\/wp-json\/wp\/v2\/users\/1"}],"replies":[{"embeddable":true,"href":"https:\/\/informacionlocal.es\/de\/wp-json\/wp\/v2\/comments?post=16788"}],"version-history":[{"count":0,"href":"https:\/\/informacionlocal.es\/de\/wp-json\/wp\/v2\/posts\/16788\/revisions"}],"wp:featuredmedia":[{"embeddable":true,"href":"https:\/\/informacionlocal.es\/de\/wp-json\/wp\/v2\/media\/16790"}],"wp:attachment":[{"href":"https:\/\/informacionlocal.es\/de\/wp-json\/wp\/v2\/media?parent=16788"}],"wp:term":[{"taxonomy":"category","embeddable":true,"href":"https:\/\/informacionlocal.es\/de\/wp-json\/wp\/v2\/categories?post=16788"},{"taxonomy":"post_tag","embeddable":true,"href":"https:\/\/informacionlocal.es\/de\/wp-json\/wp\/v2\/tags?post=16788"}],"curies":[{"name":"wp","href":"https:\/\/api.w.org\/{rel}","templated":true}]}}