{"id":16752,"date":"2026-01-26T18:03:40","date_gmt":"2026-01-26T18:03:40","guid":{"rendered":"https:\/\/informacionlocal.es\/el-cabildo-fuerteventura-estrena-la-primera-coleccion-de-cromos-de-lucha-canaria-del-archipielago\/"},"modified":"2026-01-26T18:03:40","modified_gmt":"2026-01-26T18:03:40","slug":"el-cabildo-fuerteventura-estrena-la-primera-coleccion-de-cromos-de-lucha-canaria-del-archipielago","status":"publish","type":"post","link":"https:\/\/informacionlocal.es\/de\/el-cabildo-fuerteventura-estrena-la-primera-coleccion-de-cromos-de-lucha-canaria-del-archipielago\/","title":{"rendered":"\ufeffEl Cabildo Fuerteventura estrena la primera colecci\u00f3n de cromos de lucha canaria del Archipi\u00e9lago"},"content":{"rendered":"<div class=\"entry-content\"><strong>26 enero, 2026<\/strong><\/p>\n<p><strong><em>Con la colaboraci\u00f3n de la Federaci\u00f3n Insular de Lucha Canaria, la iniciativa muestra a los jugadores y jugadoras de los seis clubes majoreros de la temporada 2025\/2026<\/em><\/strong><\/p>\n<p>El Cabildo de Fuerteventura ha lanzado la primera colecci\u00f3n de cromos dedicada a la lucha canaria de todo el Archipi\u00e9lago. Contando con la colaboraci\u00f3n de la Federaci\u00f3n Insular de Lucha Canaria, la colecci\u00f3n incluye cromos de luchadores y luchadoras de la temporada 2025\/2026, de todas las categor\u00edas y de los seis clubes de la isla majorera.<\/p>\n<p>Los \u00e1lbumes han sido elaborados por la empresa Cromos Base y son entregados desde esta semana a los clubes, contribuyendo as\u00ed a su autofinanciaci\u00f3n. El actor y comediante Mat\u00edas Alonso ejerce como padrino de esta colecci\u00f3n.<\/p>\n<p>La presidenta del Cabildo, Lola Garc\u00eda, se\u00f1al\u00f3 que \u201cel proyecto busca difundir los valores de esfuerzo, compa\u00f1erismo y afici\u00f3n e identidad que representa este deporte\u201d.\u00a0 Adem\u00e1s, Garc\u00eda agradeci\u00f3 la participaci\u00f3n de los seis clubes de lucha y de la Federaci\u00f3n Insular. \u201cTenemos la mejor liga de Canarias y lo demostramos cada a\u00f1o en los terreros, con una afici\u00f3n que responde y respalda a nuestros luchadores y luchadoras\u201d.<\/p>\n<p>El consejero de Deportes, Luis Gonz\u00e1lez, puso en valor una colecci\u00f3n que es la primera de toda Canarias, estando recogidos luchadores y luchadoras de todas las categor\u00edas. Un proyecto que fomenta el respeto entre ni\u00f1os, ni\u00f1as, familias y clubes. Asimismo, los \u00e1lbumes incluir\u00e1n promoci\u00f3n del programa de difusi\u00f3n de los juegos y deportes tradicionales \u2018No Olvides Lo Nuestro\u2019, con el objetivo de seguir contribuyendo a su difusi\u00f3n y promover el relevo generacional.<\/p>\n<p>El CEO de Cromos Base, Jes\u00fas Alonso, explic\u00f3 que \u201cesta es la colecci\u00f3n m\u00e1s especial que hemos elaborado en toda nuestra historia con un componente muy especial: que lo compartan ni\u00f1os y ni\u00f1as tan peque\u00f1itos con puntales A\u201d.<\/p>\n<p>El presidente de la Federaci\u00f3n Insular de Lucha Canaria, Mart\u00edn Cano, expres\u00f3 el placer \u201cde trabajar de la mano del Cabildo, como siempre hacemos y felicit\u00f3 a todas las personas implicadas por la gran labor realizada\u201d. \u201cEstoy muy orgulloso por esta iniciativa que representa a toda la lucha canaria majorera\u201d.<\/p>\n<p>Como presidente de oro de la colecci\u00f3n, Mat\u00edas Alonso, manifest\u00f3 encontrarse \u201cencantado de presentarlo en una isla que es cuna y base de grandes deportistas de la lucha canaria\u201d.<\/p>\n<\/div>\n","protected":false},"excerpt":{"rendered":"<p>26 enero, 2026 Con la colaboraci\u00f3n de la Federaci\u00f3n Insular de Lucha Canaria, la iniciativa muestra a los jugadores y jugadoras de los seis clubes majoreros de la temporada 2025\/2026 [&hellip;]<\/p>\n","protected":false},"author":1,"featured_media":16754,"comment_status":"open","ping_status":"open","sticky":false,"template":"","format":"standard","meta":{"inline_featured_image":false,"jnews-multi-image_gallery":[],"jnews_single_post":[],"jnews_primary_category":[],"jnews_social_meta":[],"jnews_override_counter":[],"jnews_post_split":[],"footnotes":""},"categories":[58],"tags":[82],"class_list":["post-16752","post","type-post","status-publish","format-standard","has-post-thumbnail","hentry","category-cabildo","tag-fuerteventura"],"jetpack_featured_media_url":"https:\/\/informacionlocal.es\/wp-content\/uploads\/2026\/01\/erer-1.jpeg","_links":{"self":[{"href":"https:\/\/informacionlocal.es\/de\/wp-json\/wp\/v2\/posts\/16752","targetHints":{"allow":["GET"]}}],"collection":[{"href":"https:\/\/informacionlocal.es\/de\/wp-json\/wp\/v2\/posts"}],"about":[{"href":"https:\/\/informacionlocal.es\/de\/wp-json\/wp\/v2\/types\/post"}],"author":[{"embeddable":true,"href":"https:\/\/informacionlocal.es\/de\/wp-json\/wp\/v2\/users\/1"}],"replies":[{"embeddable":true,"href":"https:\/\/informacionlocal.es\/de\/wp-json\/wp\/v2\/comments?post=16752"}],"version-history":[{"count":0,"href":"https:\/\/informacionlocal.es\/de\/wp-json\/wp\/v2\/posts\/16752\/revisions"}],"wp:featuredmedia":[{"embeddable":true,"href":"https:\/\/informacionlocal.es\/de\/wp-json\/wp\/v2\/media\/16754"}],"wp:attachment":[{"href":"https:\/\/informacionlocal.es\/de\/wp-json\/wp\/v2\/media?parent=16752"}],"wp:term":[{"taxonomy":"category","embeddable":true,"href":"https:\/\/informacionlocal.es\/de\/wp-json\/wp\/v2\/categories?post=16752"},{"taxonomy":"post_tag","embeddable":true,"href":"https:\/\/informacionlocal.es\/de\/wp-json\/wp\/v2\/tags?post=16752"}],"curies":[{"name":"wp","href":"https:\/\/api.w.org\/{rel}","templated":true}]}}