{"id":16726,"date":"2026-01-26T11:01:36","date_gmt":"2026-01-26T11:01:36","guid":{"rendered":"https:\/\/informacionlocal.es\/el-cabildo-de-fuerteventura-recibe-a-una-delegacion-internacional-del-proyecto-europeo-tour-x\/"},"modified":"2026-01-26T11:01:36","modified_gmt":"2026-01-26T11:01:36","slug":"el-cabildo-de-fuerteventura-recibe-a-una-delegacion-internacional-del-proyecto-europeo-tour-x","status":"publish","type":"post","link":"https:\/\/informacionlocal.es\/de\/el-cabildo-de-fuerteventura-recibe-a-una-delegacion-internacional-del-proyecto-europeo-tour-x\/","title":{"rendered":"\ufeffEl Cabildo de Fuerteventura recibe a una delegaci\u00f3n internacional del proyecto europeo TOUR-X"},"content":{"rendered":"<div class=\"entry-content\"><strong>26 enero, 2026<\/strong><\/p>\n<p><strong>El Cabildo de Fuerteventura recibe a una delegaci\u00f3n internacional del proyecto europeo TOUR-X<\/strong><\/p>\n<p>El Cabildo de Fuerteventura ha recibido a la delegaci\u00f3n internacional\u00a0acogida por la Escuela de Hosteler\u00eda Europea, en el marco de la cuarta movilidad del proyecto TOUR-X. La delegaci\u00f3n est\u00e1 integrada por profesorado y alumnado procedente de distintos pa\u00edses europeos, entre ellos Grecia y Portugal.<\/p>\n<p>Los participantes forman parte del proyecto ERAMUS+ de movilidad de Centros de Excelencia Profesional (COVE), denominado TOUR-X, cuyo objetivo es reforzar la excelencia formativa y la cooperaci\u00f3n internacional en sectores como el tur\u00edstico, explorando oportunidades de colaboraci\u00f3n con la isla de Fuerteventura<\/p>\n<p>La delegaci\u00f3n fue recibida por la consejera de Proyectos Estrat\u00e9gicos, Carmen Alonso, quien felicit\u00f3 a los participantes y puso de relieve la importancia de aunar esfuerzos entre instituciones, centros formativos y sector productivo, impulsando una formaci\u00f3n de calidad y la aplicaci\u00f3n de solucione sostenibles en distintos \u00e1mbitos. Asimismo, Carmen Alonso entreg\u00f3 las certificaciones a los participantes.<\/p>\n<p>El objetivo general del proyecto TOUR-X es permitir a los centros de formaci\u00f3n mejorar su capacidad de adaptaci\u00f3n de la oferta formativa a las necesidades econ\u00f3micas y sociales en constante evoluci\u00f3n.<\/p>\n<p>El proyecto, cofinanciado por la Uni\u00f3n Europea, est\u00e1 liderado por un consorcio compuesto por 23 socios con amplia experiencia, que representan a centros de formaci\u00f3n, entidades del sector tur\u00edstico y autoridades regionales de siete pa\u00edses europeos. En el marco de esta iniciativa, TOUR-X contempla la creaci\u00f3n de alianzas regionales denominadas Tri\u00e1ngulos del Conocimiento en Alemania, Grecia, Italia, Portugal y Espa\u00f1a. Estos Tri\u00e1ngulos del Conocimiento integran a centros de formaci\u00f3n, representantes empresariales y administraciones p\u00fablicas, con el fin de reforzar la cooperaci\u00f3n institucional, mejorar la empleabilidad y contribuir al desarrollo regional.<\/p>\n<\/div>\n","protected":false},"excerpt":{"rendered":"<p>26 enero, 2026 El Cabildo de Fuerteventura recibe a una delegaci\u00f3n internacional del proyecto europeo TOUR-X El Cabildo de Fuerteventura ha recibido a la delegaci\u00f3n internacional\u00a0acogida por la Escuela de [&hellip;]<\/p>\n","protected":false},"author":1,"featured_media":16728,"comment_status":"open","ping_status":"open","sticky":false,"template":"","format":"standard","meta":{"inline_featured_image":false,"jnews-multi-image_gallery":[],"jnews_single_post":[],"jnews_primary_category":[],"jnews_social_meta":[],"jnews_override_counter":[],"jnews_post_split":[],"footnotes":""},"categories":[58],"tags":[420,82],"class_list":["post-16726","post","type-post","status-publish","format-standard","has-post-thumbnail","hentry","category-cabildo","tag-cooperacion-internacional","tag-fuerteventura"],"jetpack_featured_media_url":"https:\/\/informacionlocal.es\/wp-content\/uploads\/2026\/01\/deded.jpeg","_links":{"self":[{"href":"https:\/\/informacionlocal.es\/de\/wp-json\/wp\/v2\/posts\/16726","targetHints":{"allow":["GET"]}}],"collection":[{"href":"https:\/\/informacionlocal.es\/de\/wp-json\/wp\/v2\/posts"}],"about":[{"href":"https:\/\/informacionlocal.es\/de\/wp-json\/wp\/v2\/types\/post"}],"author":[{"embeddable":true,"href":"https:\/\/informacionlocal.es\/de\/wp-json\/wp\/v2\/users\/1"}],"replies":[{"embeddable":true,"href":"https:\/\/informacionlocal.es\/de\/wp-json\/wp\/v2\/comments?post=16726"}],"version-history":[{"count":0,"href":"https:\/\/informacionlocal.es\/de\/wp-json\/wp\/v2\/posts\/16726\/revisions"}],"wp:featuredmedia":[{"embeddable":true,"href":"https:\/\/informacionlocal.es\/de\/wp-json\/wp\/v2\/media\/16728"}],"wp:attachment":[{"href":"https:\/\/informacionlocal.es\/de\/wp-json\/wp\/v2\/media?parent=16726"}],"wp:term":[{"taxonomy":"category","embeddable":true,"href":"https:\/\/informacionlocal.es\/de\/wp-json\/wp\/v2\/categories?post=16726"},{"taxonomy":"post_tag","embeddable":true,"href":"https:\/\/informacionlocal.es\/de\/wp-json\/wp\/v2\/tags?post=16726"}],"curies":[{"name":"wp","href":"https:\/\/api.w.org\/{rel}","templated":true}]}}