{"id":16708,"date":"2026-01-23T19:58:21","date_gmt":"2026-01-23T19:58:21","guid":{"rendered":"https:\/\/informacionlocal.es\/vueling-programa-vuelos-directos-en-verano-desde-bilbao-barcelona-malaga-sevilla-y-paris-orly-hacia-fuerteventura\/"},"modified":"2026-01-23T19:58:21","modified_gmt":"2026-01-23T19:58:21","slug":"vueling-programa-vuelos-directos-en-verano-desde-bilbao-barcelona-malaga-sevilla-y-paris-orly-hacia-fuerteventura","status":"publish","type":"post","link":"https:\/\/informacionlocal.es\/de\/vueling-programa-vuelos-directos-en-verano-desde-bilbao-barcelona-malaga-sevilla-y-paris-orly-hacia-fuerteventura\/","title":{"rendered":"Vueling programa vuelos directos en verano desde Bilbao, Barcelona, M\u00e1laga, Sevilla y Par\u00eds Orly hacia Fuerteventura"},"content":{"rendered":"<div class=\"entry-content\"><strong>23 enero, 2026<\/strong><\/p>\n<p><em><strong>La aerol\u00ednea oferta plazas directas con la pen\u00ednsula: seis frecuencias semanales a Bilbao y cuatro para Barcelona, M\u00e1laga y Sevilla, adem\u00e1s de tres a Par\u00eds Orly<\/strong><\/em><\/p>\n<p><em><strong>Iberia Express anuncia plazas directas con Madrid con tres vuelos diarios<\/strong><\/em><\/p>\n<p><em><strong>La consejera Marlene Figuera apoya la presentaci\u00f3n de la oferta de Tuineje en el estand de municipios tur\u00edsticos<\/strong><\/em><\/p>\n<p>Tercera jornada profesional de Fitur 2026 y el<br \/>\ndestino Fuerteventura contin\u00faa recibiendo noticias positivas de los operadores<br \/>\ninternacionales. Hoy cabe destacar la confirmaci\u00f3n de Vueling, que programa<br \/>\nplazas directas este verano con Bilbao (seis frecuencias semanales) y<br \/>\nBarcelona, M\u00e1laga y Sevilla (cuatro frecuencias semanales cada uno), adem\u00e1s de<br \/>\nlas previstas con Par\u00eds Orly. Por su parte, Iberia Express programa para la<br \/>\nmisma temporada de est\u00edo, plazas directas con Madrid, con tres vuelos diarios.<\/p>\n<p>Otro de los focos informativos de la agenda de<br \/>\ntrabajo del Patronato de Turismo hoy en Fitur estuvo en la presentaci\u00f3n de la<br \/>\noferta de Tuineje, que tuvo lugar en el estand de municipios tur\u00edsticos y que cont\u00f3<br \/>\ncon el apoyo del Patronato y la presencia de la consejera de Turismo.<\/p>\n<p>Fitur contin\u00faa el fin de semana, aunque hoy<br \/>\nconcluye su programaci\u00f3n exclusiva para profesionales. En estos tres d\u00edas de<br \/>\ntrabajo, la delegaci\u00f3n de Fuerteventura ha mostrado su unidad de destino, una<br \/>\nfortaleza que ha reforzado su oferta y su vocaci\u00f3n de captar mercados con mayor<br \/>\ncapacidad de gasto en destino e inquietudes por la sostenibilidad y por<br \/>\ndescubrir experiencias genuinas del destino. \u201cUna labor que nos permite seguir<br \/>\ntrabajando por un modelo tur\u00edstico que apuesta por crecer en calidad,<br \/>\npriorizando un turismo que aporte valor, respete el territorio y genere<br \/>\nbeneficios reales para la Isla, el empleo local y su gente\u201d.<\/p>\n<p>La consejera de Turismo del Cabildo de<br \/>\nFuerteventura, Marlene Figueroa, hace un balance muy positivo de esta edici\u00f3n<br \/>\nde Fitur, \u201cen la que ha primado la colaboraci\u00f3n y la unidad entre todos los<br \/>\nagentes del sector tur\u00edstico de Fuerteventura, adem\u00e1s del trabajo desarrollado<br \/>\ndesde el Cabildo y los ayuntamientos para acercar al conjunto de la isla al<br \/>\nobjetivo de ofrecer un mejor producto a visitantes con un perfil concreto, cuyo<br \/>\ninter\u00e9s est\u00e9 en la calidad y en las experiencias aut\u00e9nticas que les hagan<br \/>\npart\u00edcipes de la idiosincrasia majorera; un objetivo que incorpora<br \/>\nnecesariamente a personas con arraigo en la isla cuyos productos y servicios<br \/>\nlos hacen \u00fanicos, como nuestro sector Primario\u201d.<\/p>\n<p>La<br \/>\nagenda de trabajo del Patronato de Turismo durante las tres jornadas<br \/>\nprofesionales de Fitur 2026 incluy\u00f3 m\u00faltiples reuniones con operadores<br \/>\ntur\u00edsticos internacionales como MTS Glove, Karavel, Avoris, Jet2, Itaka,<br \/>\nEdelweiss, Alpitour, Easyjet, Viajes El Corte Ingl\u00e9s y MasterChef World. Hoy ha<br \/>\nsido el turno de Expedia Group, Destinia Espa\u00f1a, Europlayas Espa\u00f1a, Vueling,<br \/>\nIberia Express, Holiday Check Alemania y Suiza, TUI Alemania, B\u00e9lgica y Holanda,<br \/>\nEdreams Espa\u00f1a, Alpitour Italia y Thalasso n\u00ba1 Francia.<\/p>\n<\/div>\n","protected":false},"excerpt":{"rendered":"<p>23 enero, 2026 La aerol\u00ednea oferta plazas directas con la pen\u00ednsula: seis frecuencias semanales a Bilbao y cuatro para Barcelona, M\u00e1laga y Sevilla, adem\u00e1s de tres a Par\u00eds Orly Iberia [&hellip;]<\/p>\n","protected":false},"author":1,"featured_media":16710,"comment_status":"open","ping_status":"open","sticky":false,"template":"","format":"standard","meta":{"inline_featured_image":false,"jnews-multi-image_gallery":[],"jnews_single_post":[],"jnews_primary_category":[],"jnews_social_meta":[],"jnews_override_counter":[],"jnews_post_split":[],"footnotes":""},"categories":[58],"tags":[82,65],"class_list":["post-16708","post","type-post","status-publish","format-standard","has-post-thumbnail","hentry","category-cabildo","tag-fuerteventura","tag-municipios"],"jetpack_featured_media_url":"https:\/\/informacionlocal.es\/wp-content\/uploads\/2026\/01\/fitur-dc3ada-3.jpeg","_links":{"self":[{"href":"https:\/\/informacionlocal.es\/de\/wp-json\/wp\/v2\/posts\/16708","targetHints":{"allow":["GET"]}}],"collection":[{"href":"https:\/\/informacionlocal.es\/de\/wp-json\/wp\/v2\/posts"}],"about":[{"href":"https:\/\/informacionlocal.es\/de\/wp-json\/wp\/v2\/types\/post"}],"author":[{"embeddable":true,"href":"https:\/\/informacionlocal.es\/de\/wp-json\/wp\/v2\/users\/1"}],"replies":[{"embeddable":true,"href":"https:\/\/informacionlocal.es\/de\/wp-json\/wp\/v2\/comments?post=16708"}],"version-history":[{"count":0,"href":"https:\/\/informacionlocal.es\/de\/wp-json\/wp\/v2\/posts\/16708\/revisions"}],"wp:featuredmedia":[{"embeddable":true,"href":"https:\/\/informacionlocal.es\/de\/wp-json\/wp\/v2\/media\/16710"}],"wp:attachment":[{"href":"https:\/\/informacionlocal.es\/de\/wp-json\/wp\/v2\/media?parent=16708"}],"wp:term":[{"taxonomy":"category","embeddable":true,"href":"https:\/\/informacionlocal.es\/de\/wp-json\/wp\/v2\/categories?post=16708"},{"taxonomy":"post_tag","embeddable":true,"href":"https:\/\/informacionlocal.es\/de\/wp-json\/wp\/v2\/tags?post=16708"}],"curies":[{"name":"wp","href":"https:\/\/api.w.org\/{rel}","templated":true}]}}