{"id":16696,"date":"2026-01-23T17:58:35","date_gmt":"2026-01-23T17:58:35","guid":{"rendered":"https:\/\/informacionlocal.es\/la-escucha-activa-y-la-comprension-protagonizan-la-nueva-edicion-del-programa-formativo-educar-en-familia\/"},"modified":"2026-01-23T17:58:35","modified_gmt":"2026-01-23T17:58:35","slug":"la-escucha-activa-y-la-comprension-protagonizan-la-nueva-edicion-del-programa-formativo-educar-en-familia","status":"publish","type":"post","link":"https:\/\/informacionlocal.es\/de\/la-escucha-activa-y-la-comprension-protagonizan-la-nueva-edicion-del-programa-formativo-educar-en-familia\/","title":{"rendered":"La escucha activa y la comprensi\u00f3n protagonizan la nueva edici\u00f3n del programa formativo Educar en Familia"},"content":{"rendered":"<div class=\"entry-content\">\n<p><b><i>La iniciativa regresa con dos nuevas charlas que se llevar\u00e1n a cabo el pr\u00f3ximo lunes, 26 de enero, y el 2 de febrero, en el CEIP La Lajita y est\u00e1n dirigidas a madres, padres, tutores y p\u00fablico en general\u00a0\u00a0<\/i><\/b><\/p>\n<p><span>El Ayuntamiento de P\u00e1jara, a trav\u00e9s de la Concejal\u00eda de Asuntos Sociales, dirigida por Kathaisa Rodr\u00edguez, y en colaboraci\u00f3n con el Gobierno de Canarias, acoge una nueva edici\u00f3n del programa formativo Educar en Familia. La iniciativa se llevar\u00e1 a cabo en el CEIP La Lajita el 26 de enero y el 2 de febrero.<\/span><\/p>\n<p><span>El objetivo de este programa, dirigido a madres, padres, tutores y p\u00fablico en general, es ofrecer a los participantes estrategias y conocimientos que les permitan responder a las necesidades educativas de la infancia y la adolescencia.\u00a0<\/span><\/p>\n<p><span>La responsable del \u00c1rea, Kathaisa Rodr\u00edguez, se\u00f1ala que \u201cse trata de una acci\u00f3n formativa que servir\u00e1 como punto de encuentro para compartir inquietudes relacionadas con la educaci\u00f3n, ofrecer pautas para ayudar a la educaci\u00f3n de sus hijos e hijas y aumentar la confianza y seguridad de los progenitores y tutores en estos momentos de grandes cambios\u201d.<\/span><\/p>\n<p><span>En este sentido, el alcalde, Alejandro Jorge, invita a la ciudadan\u00eda a participar en este tipo de encuentros que fomentan el bienestar social y emocional de los m\u00e1s peque\u00f1os y peque\u00f1as de la familia, as\u00ed como de sus allegados. \u201cEstas actividades ayudan a afrontar la evoluci\u00f3n de la juventud a lo largo de su vida\u201d, subraya.\u00a0<\/span><\/p>\n<p><b>Programaci\u00f3n<\/b><\/p>\n<p><span>El programa se desarrollar\u00e1 en horario de 17:00 horas a 19:00 horas, con diferentes ponencias a cargo del psic\u00f3logo David Hern\u00e1ndez. La primera de las charlas, titulada \u2018Educar con firmeza y cari\u00f1o\u2019, tendr\u00e1 lugar el pr\u00f3ximo lunes, 26 de enero, en el CEIP La Lajita.<\/span><\/p>\n<p><span>La siguiente acci\u00f3n formativa se desarrollar\u00e1 el lunes 6 de febrero con la ponencia \u2018Escuchar, comprender, guiar: c\u00f3mo establecer l\u00edmites con respeto\u2019, que se celebrar\u00e1 en el CEIP La Lajita.<\/span><\/p>\n<p><span>Las personas interesadas en asistir a los diferentes eventos no necesitan inscripci\u00f3n previa. Para m\u00e1s informaci\u00f3n se puede llamar al tel\u00e9fono del Departamento de Asuntos Sociales a trav\u00e9s del n\u00famero 928 161 704, extensi\u00f3n 2264.<\/span><\/p>\n<\/div>\n","protected":false},"excerpt":{"rendered":"<p><i>La iniciativa regresa con dos nuevas charlas que se llevar\u00e1n a cabo el pr\u00f3ximo lunes, 26 de enero, y el 2 de febrero, en el CEIP La Lajita y est\u00e1n dirigidas a madres, padres, tutores y p\u00fablico en general\u00a0\u00a0<\/i><\/p>\n","protected":false},"author":1,"featured_media":16698,"comment_status":"open","ping_status":"open","sticky":false,"template":"","format":"standard","meta":{"inline_featured_image":false,"jnews-multi-image_gallery":[],"jnews_single_post":[],"jnews_primary_category":[],"jnews_social_meta":[],"jnews_override_counter":[],"jnews_post_split":[],"footnotes":""},"categories":[63],"tags":[73,69],"class_list":["post-16696","post","type-post","status-publish","format-standard","has-post-thumbnail","hentry","category-pajara","tag-educacion","tag-eventos"],"jetpack_featured_media_url":"https:\/\/informacionlocal.es\/wp-content\/uploads\/2026\/01\/cartel-la-lajita.jpeg","_links":{"self":[{"href":"https:\/\/informacionlocal.es\/de\/wp-json\/wp\/v2\/posts\/16696","targetHints":{"allow":["GET"]}}],"collection":[{"href":"https:\/\/informacionlocal.es\/de\/wp-json\/wp\/v2\/posts"}],"about":[{"href":"https:\/\/informacionlocal.es\/de\/wp-json\/wp\/v2\/types\/post"}],"author":[{"embeddable":true,"href":"https:\/\/informacionlocal.es\/de\/wp-json\/wp\/v2\/users\/1"}],"replies":[{"embeddable":true,"href":"https:\/\/informacionlocal.es\/de\/wp-json\/wp\/v2\/comments?post=16696"}],"version-history":[{"count":0,"href":"https:\/\/informacionlocal.es\/de\/wp-json\/wp\/v2\/posts\/16696\/revisions"}],"wp:featuredmedia":[{"embeddable":true,"href":"https:\/\/informacionlocal.es\/de\/wp-json\/wp\/v2\/media\/16698"}],"wp:attachment":[{"href":"https:\/\/informacionlocal.es\/de\/wp-json\/wp\/v2\/media?parent=16696"}],"wp:term":[{"taxonomy":"category","embeddable":true,"href":"https:\/\/informacionlocal.es\/de\/wp-json\/wp\/v2\/categories?post=16696"},{"taxonomy":"post_tag","embeddable":true,"href":"https:\/\/informacionlocal.es\/de\/wp-json\/wp\/v2\/tags?post=16696"}],"curies":[{"name":"wp","href":"https:\/\/api.w.org\/{rel}","templated":true}]}}