{"id":16556,"date":"2026-01-22T08:03:19","date_gmt":"2026-01-22T08:03:19","guid":{"rendered":"https:\/\/informacionlocal.es\/el-ayuntamiento-de-puerto-del-rosario-reorganiza-el-trafico-en-un-tramo-de-la-calle-cataluna-para-mejorar-la-movilidad-urbana\/"},"modified":"2026-01-22T08:03:19","modified_gmt":"2026-01-22T08:03:19","slug":"el-ayuntamiento-de-puerto-del-rosario-reorganiza-el-trafico-en-un-tramo-de-la-calle-cataluna-para-mejorar-la-movilidad-urbana","status":"publish","type":"post","link":"https:\/\/informacionlocal.es\/de\/el-ayuntamiento-de-puerto-del-rosario-reorganiza-el-trafico-en-un-tramo-de-la-calle-cataluna-para-mejorar-la-movilidad-urbana\/","title":{"rendered":"El Ayuntamiento de Puerto del Rosario reorganiza el tr\u00e1fico en un tramo de la calle Catalu\u00f1a para mejorar la movilidad urbana"},"content":{"rendered":"<div class=\"entry-content\">\n<ul>\n<li><span><strong>El cambio de sentido entre las calles Roque Calero Fajardo y Andaluc\u00eda entrar\u00e1 en vigor el lunes 26 de enero.<\/strong><\/span><strong>\u00a0<\/strong><\/li>\n<\/ul>\n<p><span><strong>En Puerto del Rosario, a 22 de enero de 2026.-<\/strong> El Ayuntamiento de Puerto del Rosario llevar\u00e1 a cabo, a partir del pr\u00f3ximo lunes, 26 de enero, un cambio de sentido de circulaci\u00f3n en un tramo de la calle Catalu\u00f1a, concretamente entre las calles Roque Calero Fajardo y Andaluc\u00eda, con el objetivo de mejorar la fluidez del tr\u00e1fico y reforzar la seguridad vial en la zona.<\/span><\/p>\n<p><span>Esta actuaci\u00f3n se enmarca dentro de las medidas municipales destinadas a optimizar la movilidad urbana y facilitar una circulaci\u00f3n m\u00e1s ordenada, especialmente en un \u00e1rea con alta intensidad de tr\u00e1nsito tanto de residentes como de veh\u00edculos de paso.<\/span><\/p>\n<p><img loading=\"lazy\" decoding=\"async\" loading=\"lazy\" class=\"size-large wp-image-158232 aligncenter\" src=\"https:\/\/informacionlocal.es\/wp-content\/uploads\/2026\/01\/calle-cataluna-2-1024x576-1.jpg\" width=\"1024\" height=\"576\" title=\"calle-cataluna-2-1024x576-1\"><\/p>\n<p><span>El alcalde de Puerto del Rosario, David de Vera, se\u00f1al\u00f3 que \u201cesta reorganizaci\u00f3n del tr\u00e1fico responde a un an\u00e1lisis previo de la circulaci\u00f3n en la zona y busca ofrecer una soluci\u00f3n pr\u00e1ctica que mejore el d\u00eda a d\u00eda de vecinos y conductores. Sabemos que cualquier cambio requiere un periodo de adaptaci\u00f3n, pero estamos convencidos de que tendr\u00e1 un impacto positivo en la movilidad y la seguridad\u201d.<\/span><\/p>\n<p><span>Por su parte, la concejala de Tr\u00e1fico, Jenifer P\u00e9rez, explic\u00f3 que \u201cel cambio de sentido ir\u00e1 acompa\u00f1ado de una actualizaci\u00f3n completa de la se\u00f1alizaci\u00f3n horizontal y vertical, con la instalaci\u00f3n de se\u00f1ales de STOP y de direcci\u00f3n prohibida en los distintos cruces afectados, garantizando as\u00ed una circulaci\u00f3n clara y segura\u201d. La concejala agradeci\u00f3 a las concejal\u00edas de Trasportes y Servicios Municipales por su colaboraci\u00f3n y a\u00f1adi\u00f3 que \u201cdurante los trabajos se contar\u00e1 con el seguimiento de la Polic\u00eda Local para minimizar molestias y resolver cualquier incidencia que pueda surgir\u201d.<\/span><\/p>\n<p><img loading=\"lazy\" decoding=\"async\" loading=\"lazy\" class=\"size-large wp-image-158233 aligncenter\" src=\"https:\/\/informacionlocal.es\/wp-content\/uploads\/2026\/01\/calle-cataluna-4-1024x576-1.jpg\" width=\"1024\" height=\"576\" title=\"calle-cataluna-4-1024x576-1\"><\/p>\n<p><span>Con motivo de estas actuaciones, se prohibir\u00e1 el estacionamiento a partir de las 7:00 horas del lunes 26 de enero y hasta la finalizaci\u00f3n de los trabajos, con el fin de facilitar la correcta ejecuci\u00f3n de la se\u00f1alizaci\u00f3n y evitar problemas en la circulaci\u00f3n.<\/span><\/p>\n<p><span>Desde el Ayuntamiento de Puerto del Rosario se ruega a vecinos, vecinas y personas usuarias de la v\u00eda comprensi\u00f3n y colaboraci\u00f3n, recordando que estas medidas est\u00e1n pensadas para mejorar la convivencia y la seguridad vial en el entorno.<\/span><\/p>\n<\/div>\n","protected":false},"excerpt":{"rendered":"<p>El cambio de sentido entre las calles Roque Calero Fajardo y Andaluc\u00eda entrar\u00e1 en vigor el lunes 26 de enero.\u00a0 En Puerto del Rosario, a 22 de enero de 2026.- [&hellip;]<\/p>\n","protected":false},"author":1,"featured_media":16558,"comment_status":"open","ping_status":"open","sticky":false,"template":"","format":"standard","meta":{"inline_featured_image":false,"jnews-multi-image_gallery":[],"jnews_single_post":[],"jnews_primary_category":[],"jnews_social_meta":[],"jnews_override_counter":[],"jnews_post_split":[],"footnotes":""},"categories":[61],"tags":[],"class_list":["post-16556","post","type-post","status-publish","format-standard","has-post-thumbnail","hentry","category-puerto-del-rosario"],"jetpack_featured_media_url":"https:\/\/informacionlocal.es\/wp-content\/uploads\/2026\/01\/calle-cataluna.png","_links":{"self":[{"href":"https:\/\/informacionlocal.es\/de\/wp-json\/wp\/v2\/posts\/16556","targetHints":{"allow":["GET"]}}],"collection":[{"href":"https:\/\/informacionlocal.es\/de\/wp-json\/wp\/v2\/posts"}],"about":[{"href":"https:\/\/informacionlocal.es\/de\/wp-json\/wp\/v2\/types\/post"}],"author":[{"embeddable":true,"href":"https:\/\/informacionlocal.es\/de\/wp-json\/wp\/v2\/users\/1"}],"replies":[{"embeddable":true,"href":"https:\/\/informacionlocal.es\/de\/wp-json\/wp\/v2\/comments?post=16556"}],"version-history":[{"count":0,"href":"https:\/\/informacionlocal.es\/de\/wp-json\/wp\/v2\/posts\/16556\/revisions"}],"wp:featuredmedia":[{"embeddable":true,"href":"https:\/\/informacionlocal.es\/de\/wp-json\/wp\/v2\/media\/16558"}],"wp:attachment":[{"href":"https:\/\/informacionlocal.es\/de\/wp-json\/wp\/v2\/media?parent=16556"}],"wp:term":[{"taxonomy":"category","embeddable":true,"href":"https:\/\/informacionlocal.es\/de\/wp-json\/wp\/v2\/categories?post=16556"},{"taxonomy":"post_tag","embeddable":true,"href":"https:\/\/informacionlocal.es\/de\/wp-json\/wp\/v2\/tags?post=16556"}],"curies":[{"name":"wp","href":"https:\/\/api.w.org\/{rel}","templated":true}]}}