{"id":16544,"date":"2026-01-21T19:00:15","date_gmt":"2026-01-21T19:00:15","guid":{"rendered":"https:\/\/informacionlocal.es\/fuerteventura-confirma-en-fitur-conexion-aerea-directa-con-rumania\/"},"modified":"2026-01-21T19:00:15","modified_gmt":"2026-01-21T19:00:15","slug":"fuerteventura-confirma-en-fitur-conexion-aerea-directa-con-rumania","status":"publish","type":"post","link":"https:\/\/informacionlocal.es\/de\/fuerteventura-confirma-en-fitur-conexion-aerea-directa-con-rumania\/","title":{"rendered":"Fuerteventura confirma en Fitur conexi\u00f3n a\u00e9rea directa con Ruman\u00eda"},"content":{"rendered":"<div class=\"entry-content\"><strong>21 enero, 2026<\/strong><\/p>\n<p><em><strong>Karpaten operar\u00e1 un ch\u00e1rter entre Bucarest y la isla todos los domingos desde el 14 de junio hasta el 20 de septiembre<\/strong><\/em><\/p>\n<p><em><strong>La isla se apoya en cineastas e influencers locales para elaborar su promoci\u00f3n audiovisual y presentarla en Fitur con el respaldo de los ayuntamientos y empresarios majoreros<\/strong><\/em><\/p>\n<p>El destino Fuerteventura 2026 se ha presentado oficialmente hoy en Fitur, la principal feria tur\u00edstica de Espa\u00f1a. Nuestra isla ha confirmado la apertura este verano de un nuevo mercado con conexi\u00f3n a\u00e9rea directa, Ruman\u00eda, y ha mostrado una imagen de unidad institucional y empresarial que refuerza su posicionamiento. La proyecci\u00f3n de dos promociones audiovisuales de gran calidad centr\u00f3 la presentaci\u00f3n de Fuerteventura.<\/p>\n<p>Seg\u00fan la presidenta del Cabildo, Lola Garc\u00eda, \u201cFuerteventura llega a FITUR 2026 no s\u00f3lo para presentarse como un destino s\u00f3lido, atractivo y competitivo, sino que lo hace, adem\u00e1s, con un mensaje claro: queremos crecer en calidad. No se trata de atraer m\u00e1s turistas, sino un mejor turismo, que aporte valor, respete nuestro territorio y deje beneficios reales en la Isla, en el empleo local y nuestra gente\u201d.<\/p>\n<p>Adem\u00e1s, prosigui\u00f3 Garc\u00eda, \u201cno hay futuro tur\u00edstico sin respeto al territorio, por lo que debemos trasladar el mensaje claro de que, quien entiende Fuerteventura, la cuida. Ese es el visitante que queremos, adem\u00e1s de apostar por nuestra gastronom\u00eda, producto local y patrimonio como isla diversa y aut\u00e9ntica\u201d.<\/p>\n<p>La consejera de Turismo del Cabildo de Fuerteventura, Marlene Figueroa, explica que durante esta primera jornada de Fitur 2026 \u201cnos reivindicamos en primera persona, Fuerteventura, porque tenemos la fuerza de un destino unido que trabaja para abrir nuevos mercados y ofrecer productos y servicios de calidad que generen econom\u00eda y empleo locales\u201d.<\/p>\n<p>Un buen ejemplo de la fortaleza de la unidad del destino Fuerteventura es la confirmaci\u00f3n hoy,\u00a0por parte del\u00a0turoperador\u00a0rumano\u00a0Karpaten,\u00a0del\u00a0comienzo\u00a0de las operaciones entre Bucarest y Fuerteventura en verano de 2026, desde el 14 de junio hasta el 20 de septiembre. Ser\u00e1 la primera vez que Karpaten abra el mercado rumano a nuestra isla con ch\u00e1rter propio. Sus clientes se alojar\u00e1n en hoteles de 4 y 5 estrellas de la isla.<\/p>\n<p>El foco de inter\u00e9s de Fuerteventura en Fitur se centr\u00f3 hoy, sin embargo, en su presentaci\u00f3n\u00a0oficial.\u00a0Tuvo\u00a0lugar\u00a0en\u00a0el\u00a0estand\u00a0de\u00a0Canarias,\u00a0decisi\u00f3n\u00a0estrat\u00e9gica que genera sinergias de marca en este gran escaparate profesional tur\u00edstico. Nuestro destino proyect\u00f3 el v\u00eddeo cinematogr\u00e1fico de promoci\u00f3n de la isla \u2018Fuerteventura, eterno verano\u2019, que ha sido realizado por el cineasta majorero Adri\u00e1n Tejero. Adem\u00e1s, present\u00f3 un \u2018reel\u2019 tur\u00edstico de Fuerteventura realizado por Enmanuel Morales Schmidt, de FuerteVidorra, uno de los influencers locales con mayor difusi\u00f3n. Ambos v\u00eddeos tienen el objetivo de llegar al cliente final a trav\u00e9s de las redes sociales.<\/p>\n<p>La agenda de trabajo de Fuerteventura tambi\u00e9n ha incluido, durante este primer d\u00eda de feria profesional, varias reuniones con operadores tur\u00edsticos internacionales como MTS Glove, Karavel y Avoris, adem\u00e1s de encuentros t\u00e9cnicos de coordinaci\u00f3n entre la delegaci\u00f3n majorera (formada por representantes institucionales del Cabildo y de los seis ayuntamientos y por un amplio elenco de empresarios del sector) y otras delegaciones canarias.<\/p>\n<p>Cabe destacar que el destino Fuerteventura tiene una previsi\u00f3n muy positiva para el primer trimestre de este a\u00f1o, con incrementos en la estancia media del turista y el aumento del ingreso por visitante en destino.<\/p>\n<\/div>\n","protected":false},"excerpt":{"rendered":"<p>21 enero, 2026 Karpaten operar\u00e1 un ch\u00e1rter entre Bucarest y la isla todos los domingos desde el 14 de junio hasta el 20 de septiembre La isla se apoya en [&hellip;]<\/p>\n","protected":false},"author":1,"featured_media":16546,"comment_status":"open","ping_status":"open","sticky":false,"template":"","format":"standard","meta":{"inline_featured_image":false,"jnews-multi-image_gallery":[],"jnews_single_post":[],"jnews_primary_category":[],"jnews_social_meta":[],"jnews_override_counter":[],"jnews_post_split":[],"footnotes":""},"categories":[58],"tags":[82],"class_list":["post-16544","post","type-post","status-publish","format-standard","has-post-thumbnail","hentry","category-cabildo","tag-fuerteventura"],"jetpack_featured_media_url":"https:\/\/informacionlocal.es\/wp-content\/uploads\/2026\/01\/1768998468-c4a0a2f8d0fc07a815814696af168dda.jpg","_links":{"self":[{"href":"https:\/\/informacionlocal.es\/de\/wp-json\/wp\/v2\/posts\/16544","targetHints":{"allow":["GET"]}}],"collection":[{"href":"https:\/\/informacionlocal.es\/de\/wp-json\/wp\/v2\/posts"}],"about":[{"href":"https:\/\/informacionlocal.es\/de\/wp-json\/wp\/v2\/types\/post"}],"author":[{"embeddable":true,"href":"https:\/\/informacionlocal.es\/de\/wp-json\/wp\/v2\/users\/1"}],"replies":[{"embeddable":true,"href":"https:\/\/informacionlocal.es\/de\/wp-json\/wp\/v2\/comments?post=16544"}],"version-history":[{"count":0,"href":"https:\/\/informacionlocal.es\/de\/wp-json\/wp\/v2\/posts\/16544\/revisions"}],"wp:featuredmedia":[{"embeddable":true,"href":"https:\/\/informacionlocal.es\/de\/wp-json\/wp\/v2\/media\/16546"}],"wp:attachment":[{"href":"https:\/\/informacionlocal.es\/de\/wp-json\/wp\/v2\/media?parent=16544"}],"wp:term":[{"taxonomy":"category","embeddable":true,"href":"https:\/\/informacionlocal.es\/de\/wp-json\/wp\/v2\/categories?post=16544"},{"taxonomy":"post_tag","embeddable":true,"href":"https:\/\/informacionlocal.es\/de\/wp-json\/wp\/v2\/tags?post=16544"}],"curies":[{"name":"wp","href":"https:\/\/api.w.org\/{rel}","templated":true}]}}