{"id":16538,"date":"2026-01-21T15:01:07","date_gmt":"2026-01-21T15:01:07","guid":{"rendered":"https:\/\/informacionlocal.es\/el-alumnado-del-pfae-gj-fuerteventura-te-cuida-en-casa-comienza-los-servicios-de-atencion-sociosanitaria-en-domicilios\/"},"modified":"2026-01-21T15:01:07","modified_gmt":"2026-01-21T15:01:07","slug":"el-alumnado-del-pfae-gj-fuerteventura-te-cuida-en-casa-comienza-los-servicios-de-atencion-sociosanitaria-en-domicilios","status":"publish","type":"post","link":"https:\/\/informacionlocal.es\/de\/el-alumnado-del-pfae-gj-fuerteventura-te-cuida-en-casa-comienza-los-servicios-de-atencion-sociosanitaria-en-domicilios\/","title":{"rendered":"El alumnado del PFAE GJ \u201cFuerteventura te cuida en casa\u201d comienza los servicios de atenci\u00f3n sociosanitaria en domicilios"},"content":{"rendered":"<div class=\"entry-content\"><strong>21 enero, 2026<\/strong><\/p>\n<p><strong><em>El proyecto del Cabildo de Fuerteventura se dirige a reforzar la atenci\u00f3n sociosanitaria, al tiempo que se fomenta la inserci\u00f3n laboral de quince personas desempleadas<\/em><\/strong><\/p>\n<p>El alumnado-trabajador del Programa de Formaci\u00f3n en Alternancia con el Empleo de Garant\u00eda Juvenil \u2018Fuerteventura te cuida en casa\u2019 ha iniciado la prestaci\u00f3n de servicios de atenci\u00f3n sociosanitaria en los domicilios, contribuyendo a mejorar la atenci\u00f3n a personas en situaci\u00f3n de dependencia de los diferentes puntos del territorio insular.<\/p>\n<p>Tras haber realizado su formaci\u00f3n en dos certificaciones de profesionalidad de nivel 2, e iniciado la intervenci\u00f3n en instituciones sociales dependientes de la Corporaci\u00f3n insular, el alumnado-trabajador contin\u00faa ampliando sus servicios, habiendo comenzado ya la atenci\u00f3n en los propios domicilios, en los municipios de P\u00e1jara, Betancuria, Antigua y Puerto del Rosario, gracias a la coordinaci\u00f3n con los ayuntamientos.<\/p>\n<p>El PFAE GJ \u2018Fuerteventura te cuida en casa\u2019 cuenta con la participaci\u00f3n de 15 j\u00f3venes desempleados. Seg\u00fan explica la presidenta del Cabildo, Lola Garc\u00eda, a trav\u00e9s de la atenci\u00f3n domiciliaria, el alumnado aplica sus conocimientos aprendidos en un entorno real, ofreciendo apoyo personal y sociosanitario a personas con necesidades f\u00edsicas, ps\u00edquicas y sociales, directamente en sus hogares, adapt\u00e1ndose a las caracter\u00edsticas de cada usuario.<\/p>\n<p>La intervenci\u00f3n se centra en promover la autonom\u00eda personal y el bienestar de los usuarios, facilitando su permanencia en el entorno familiar y reforzando su calidad de vida mediante actuaciones adaptadas a cada situaci\u00f3n individual y social.<\/p>\n<p>Las personas atendidas han sido derivadas por el \u00e1rea de Asuntos Sociales del Cabildo de Fuerteventura, reforzando as\u00ed la atenci\u00f3n a la dependencia y el apoyo a la poblaci\u00f3n m\u00e1s vulnerable de la isla.<\/p>\n<p>Por su parte, la consejera de fomento del empleo, Nuria Cabrera, destaca el impacto social del proyecto, ya que esta iniciativa representa una oportunidad real de inserci\u00f3n laboral para los j\u00f3venes participantes, al combinar formaci\u00f3n especializada con experiencia pr\u00e1ctica en un servicio esencial para la comunidad.<\/p>\n<p><strong>Recursos sociosanitarios<\/strong><\/p>\n<p>Por otro lado, el PFAE GJ \u2018Te cuida en casa\u2019 contin\u00faa ofreciendo sus servicios en diversas instituciones sociales de la isla. Actualmente, los servicios se prestan en el Centro de D\u00eda de Discapacidad Profunda de Puerto del Rosario, la Residencia Insular de Discapacidad Profunda de Fuerteventura y en el Centro Sociosanitario de Estancia Diurna para Personas Dependientes Josefina Pla.<\/p>\n<p>De esta manera, el PFAE GJ apoya estas instituciones sociales mediante la aplicaci\u00f3n de estrategias y procedimientos adecuados que permitan mantener y mejorar la autonom\u00eda personal, as\u00ed como favorecer las relaciones con el entorno de las personas usuarias, contribuyendo a su bienestar y calidad de vida en toda la isla de Fuerteventura.<\/p>\n<p>El PFAE de Garant\u00eda Juvenil Fuerteventura te cuida en casa, es un proyecto financiado por Servicio Canario de Empleo y cofinanciado al 85% por el Programa Fondo Social Europeo Plus 2021-2027 Canarias y por el Cabildo de Fuerteventura y el Gobierno de Canarias, a trav\u00e9s de los recursos del Fondo de Desarrollo de Canarias (FDCAN).<\/p>\n<\/div>\n","protected":false},"excerpt":{"rendered":"<p>21 enero, 2026 El proyecto del Cabildo de Fuerteventura se dirige a reforzar la atenci\u00f3n sociosanitaria, al tiempo que se fomenta la inserci\u00f3n laboral de quince personas desempleadas El alumnado-trabajador [&hellip;]<\/p>\n","protected":false},"author":1,"featured_media":16540,"comment_status":"open","ping_status":"open","sticky":false,"template":"","format":"standard","meta":{"inline_featured_image":false,"jnews-multi-image_gallery":[],"jnews_single_post":[],"jnews_primary_category":[],"jnews_social_meta":[],"jnews_override_counter":[],"jnews_post_split":[],"footnotes":""},"categories":[58],"tags":[82,65],"class_list":["post-16538","post","type-post","status-publish","format-standard","has-post-thumbnail","hentry","category-cabildo","tag-fuerteventura","tag-municipios"],"jetpack_featured_media_url":"https:\/\/informacionlocal.es\/wp-content\/uploads\/2026\/01\/2-servicios-pfae-gj-residencia.jpg","_links":{"self":[{"href":"https:\/\/informacionlocal.es\/de\/wp-json\/wp\/v2\/posts\/16538","targetHints":{"allow":["GET"]}}],"collection":[{"href":"https:\/\/informacionlocal.es\/de\/wp-json\/wp\/v2\/posts"}],"about":[{"href":"https:\/\/informacionlocal.es\/de\/wp-json\/wp\/v2\/types\/post"}],"author":[{"embeddable":true,"href":"https:\/\/informacionlocal.es\/de\/wp-json\/wp\/v2\/users\/1"}],"replies":[{"embeddable":true,"href":"https:\/\/informacionlocal.es\/de\/wp-json\/wp\/v2\/comments?post=16538"}],"version-history":[{"count":0,"href":"https:\/\/informacionlocal.es\/de\/wp-json\/wp\/v2\/posts\/16538\/revisions"}],"wp:featuredmedia":[{"embeddable":true,"href":"https:\/\/informacionlocal.es\/de\/wp-json\/wp\/v2\/media\/16540"}],"wp:attachment":[{"href":"https:\/\/informacionlocal.es\/de\/wp-json\/wp\/v2\/media?parent=16538"}],"wp:term":[{"taxonomy":"category","embeddable":true,"href":"https:\/\/informacionlocal.es\/de\/wp-json\/wp\/v2\/categories?post=16538"},{"taxonomy":"post_tag","embeddable":true,"href":"https:\/\/informacionlocal.es\/de\/wp-json\/wp\/v2\/tags?post=16538"}],"curies":[{"name":"wp","href":"https:\/\/api.w.org\/{rel}","templated":true}]}}