{"id":16492,"date":"2026-01-20T19:03:07","date_gmt":"2026-01-20T19:03:07","guid":{"rendered":"https:\/\/informacionlocal.es\/el-cabildo-amplia-la-red-insular-de-recarga-de-vehiculos-electricos-con-cuatro-nuevos-puntos-y-alcanza-los-16-activos\/"},"modified":"2026-01-20T19:03:07","modified_gmt":"2026-01-20T19:03:07","slug":"el-cabildo-amplia-la-red-insular-de-recarga-de-vehiculos-electricos-con-cuatro-nuevos-puntos-y-alcanza-los-16-activos","status":"publish","type":"post","link":"https:\/\/informacionlocal.es\/de\/el-cabildo-amplia-la-red-insular-de-recarga-de-vehiculos-electricos-con-cuatro-nuevos-puntos-y-alcanza-los-16-activos\/","title":{"rendered":"El Cabildo ampl\u00eda la red insular de recarga de veh\u00edculos el\u00e9ctricos con cuatro nuevos puntos y alcanza los 16 activos"},"content":{"rendered":"<div class=\"entry-content\"><strong>20 enero, 2026<\/strong><\/p>\n<p>El Cabildo de Fuerteventura, a trav\u00e9s de la Consejer\u00eda de Industria, invierte 213.570,17 euros en la modernizaci\u00f3n de la red insular de recarga de veh\u00edculos el\u00e9ctricos en todos los municipios. En el marco de este proyecto, la Corporaci\u00f3n insular ha puesto este lunes en servicio cuatro nuevos puntos de recarga para veh\u00edculos el\u00e9ctricos de 22 kW. Con esta nueva activaci\u00f3n, la red p\u00fablica de la Corporaci\u00f3n insular cuenta ya con un total de 16 puntos de recarga activos.<\/p>\n<p>Los nuevos cargadores de 22kW fueron activados desde este lunes, y cuentan con capacidad de recarga simult\u00e1nea de dos veh\u00edculos. Se encuentran ubicados en Valle de Santa In\u00e9s y Vega de R\u00edo Palmas en el municipio de Betancuria, as\u00ed como en la calle Antonio Espinosa de Puerto del Rosario y en calle Laural de Morro Jable (P\u00e1jara).<\/p>\n<p>La presidenta insular, Lola Garc\u00eda, se\u00f1al\u00f3 que la instalaci\u00f3n de estos puntos de recarga p\u00fablica \u201csupone un avance significativo para la movilidad sostenible en la isla, reforzando la apuesta por la transici\u00f3n energ\u00e9tica en Fuerteventura a trav\u00e9s de la modernizaci\u00f3n de la infraestructura de recarga, contribuyendo a reducir la huella de carbono y a fomentar un modelo de movilidad m\u00e1s limpio y eficiente\u201d.<\/p>\n<p>Por su parte, la consejera de Industria, Lolina Negr\u00edn, detalla que, con estas incorporaciones, se ampl\u00eda la infraestructura de movilidad sostenible de Fuerteventura, que est\u00e1 compuesta actualmente por 16 puntos operativos:<\/p>\n<p>-5 puntos de recarga r\u00e1pida (50kW) ubicados en Corralejo, Puerto del Rosario, Gran Tarajal, Betancuria y Morro Jable.<\/p>\n<p>-2 Puntos de recarga (10 kW) situados en Caleta de Fuste y Costa Calma.<\/p>\n<p>-9 Puntos de recarga (22 kW) distribuidos en Corralejo, Lajares, La Oliva, Puerto del Rosario, P\u00e1jara y los 4 nuevos puntos activados hoy en Betancuria, Puerto del Rosario y Morro Jable.<\/p>\n<p>Lolina Negr\u00edn destaca el avance en la ejecuci\u00f3n de este proyecto global de modernizaci\u00f3n de los puntos de recarga, que cuenta, en total, con una inversi\u00f3n de 213.570,17 euros y financiaci\u00f3n de los fondos europeos Next Generation EU.<\/p>\n<p>La consejera insular subraya que \u00abla implantaci\u00f3n del veh\u00edculo el\u00e9ctrico es una alternativa real a los combustibles f\u00f3siles y un paso imprescindible para alcanzar los objetivos de descarbonizaci\u00f3n de Fuerteventura\u00bb. \u201cEsta apuesta por el uso de energ\u00edas limpias en el transporte no solo contribuye a mitigar los impactos ambientales y reducir el consumo energ\u00e9tico, sino que facilita que la ciudadan\u00eda apueste por un modelo de movilidad que favorece directamente la conservaci\u00f3n de nuestro entorno natural\u201d.<\/p>\n<p>La Corporaci\u00f3n Insular seguir\u00e1 trabajando en los pr\u00f3ximos d\u00edas para activar el resto de puntos previstos hasta completar la red de recarga p\u00fablica, quedando pendiente de activar en pr\u00f3ximas fechas, adicionalmente, 4 cargadores de 50 kW (La Lajita, Antigua, Tuineje y P\u00e1jara) y 5 cargadores de 22 kW m\u00e1s situados en Gran Tarajal, Antigua y Puerto del Rosario.<\/p>\n<\/div>\n","protected":false},"excerpt":{"rendered":"<p>20 enero, 2026 El Cabildo de Fuerteventura, a trav\u00e9s de la Consejer\u00eda de Industria, invierte 213.570,17 euros en la modernizaci\u00f3n de la red insular de recarga de veh\u00edculos el\u00e9ctricos en [&hellip;]<\/p>\n","protected":false},"author":1,"featured_media":16494,"comment_status":"open","ping_status":"open","sticky":false,"template":"","format":"standard","meta":{"inline_featured_image":false,"jnews-multi-image_gallery":[],"jnews_single_post":[],"jnews_primary_category":[],"jnews_social_meta":[],"jnews_override_counter":[],"jnews_post_split":[],"footnotes":""},"categories":[58],"tags":[82,65],"class_list":["post-16492","post","type-post","status-publish","format-standard","has-post-thumbnail","hentry","category-cabildo","tag-fuerteventura","tag-municipios"],"jetpack_featured_media_url":"https:\/\/informacionlocal.es\/wp-content\/uploads\/2026\/01\/recarga-vehc3adculos-calle-antonio-espinosa.jpeg","_links":{"self":[{"href":"https:\/\/informacionlocal.es\/de\/wp-json\/wp\/v2\/posts\/16492","targetHints":{"allow":["GET"]}}],"collection":[{"href":"https:\/\/informacionlocal.es\/de\/wp-json\/wp\/v2\/posts"}],"about":[{"href":"https:\/\/informacionlocal.es\/de\/wp-json\/wp\/v2\/types\/post"}],"author":[{"embeddable":true,"href":"https:\/\/informacionlocal.es\/de\/wp-json\/wp\/v2\/users\/1"}],"replies":[{"embeddable":true,"href":"https:\/\/informacionlocal.es\/de\/wp-json\/wp\/v2\/comments?post=16492"}],"version-history":[{"count":0,"href":"https:\/\/informacionlocal.es\/de\/wp-json\/wp\/v2\/posts\/16492\/revisions"}],"wp:featuredmedia":[{"embeddable":true,"href":"https:\/\/informacionlocal.es\/de\/wp-json\/wp\/v2\/media\/16494"}],"wp:attachment":[{"href":"https:\/\/informacionlocal.es\/de\/wp-json\/wp\/v2\/media?parent=16492"}],"wp:term":[{"taxonomy":"category","embeddable":true,"href":"https:\/\/informacionlocal.es\/de\/wp-json\/wp\/v2\/categories?post=16492"},{"taxonomy":"post_tag","embeddable":true,"href":"https:\/\/informacionlocal.es\/de\/wp-json\/wp\/v2\/tags?post=16492"}],"curies":[{"name":"wp","href":"https:\/\/api.w.org\/{rel}","templated":true}]}}