{"id":16480,"date":"2026-01-20T17:02:36","date_gmt":"2026-01-20T17:02:36","guid":{"rendered":"https:\/\/informacionlocal.es\/el-programa-no-olvides-lo-nuestro-regresa-a-los-centros-escolares-de-fuerteventura-con-juegos-y-deportes-tradicionales\/"},"modified":"2026-01-20T17:02:36","modified_gmt":"2026-01-20T17:02:36","slug":"el-programa-no-olvides-lo-nuestro-regresa-a-los-centros-escolares-de-fuerteventura-con-juegos-y-deportes-tradicionales","status":"publish","type":"post","link":"https:\/\/informacionlocal.es\/de\/el-programa-no-olvides-lo-nuestro-regresa-a-los-centros-escolares-de-fuerteventura-con-juegos-y-deportes-tradicionales\/","title":{"rendered":"El programa \u2018No Olvides Lo Nuestro\u2019 regresa a los centros escolares de Fuerteventura con juegos y deportes tradicionales"},"content":{"rendered":"<div class=\"entry-content\"><strong>20 enero, 2026<\/strong><\/p>\n<p><strong><em>Se han incorporado gafas de realidad virtual (VR) con el objetivo<br \/>\nde que el alumnado con diversidad funcional pueda desarrollar las actividades<br \/>\ndel programa<\/em><\/strong><\/p>\n<p>El Cabildo, a trav\u00e9s de la Consejer\u00eda de Deportes, retoma el<br \/>\nprograma educativo \u00abNo Olvides Lo Nuestro\u00bb, una iniciativa que<br \/>\npromueve la ense\u00f1anza de los juegos y deportes tradicionales canarios en los<br \/>\ninstitutos de la Isla.<\/p>\n<p>La actividad se reinicia, tras el par\u00f3n navide\u00f1o, en el IES Gran<br \/>\nTarajal, donde el alumnado de 4\u00ba de la ESO participar\u00e1 durante dos semanas en<br \/>\nsesiones pr\u00e1cticas de disciplinas como el Palo Canario (vara y lata), Bola<br \/>\nCanaria, Salto del Pastor, Pelotamano, Billarda, la Pina y la T\u00e1ngana.<\/p>\n<p>Estas actividades se imparten durante el horario lectivo por<br \/>\nt\u00e9cnicos especialistas de la Consejer\u00eda de Deportes, en estrecha colaboraci\u00f3n<br \/>\ncon el profesorado de cada centro educativo.<\/p>\n<p>El consejero de Deportes del Cabildo Insular, Luis Gonz\u00e1lez,<br \/>\ndestac\u00f3 que \u201cel programa cuenta este curso con m\u00e1s de 1.300 j\u00f3venes<br \/>\ndistribuidos en 55 cursos de 11 centros de Educaci\u00f3n Secundaria, lo que lo<br \/>\nconvierte en una de las acciones educativas m\u00e1s longevas y valoradas del<br \/>\nCabildo en el entorno escolar\u201d.<\/p>\n<p>Hasta ahora, los talleres se han desarrollado en los centros IES<br \/>\nVig\u00e1n, IES Jand\u00eda e IES Corralejo, y pr\u00f3ximamente se extender\u00e1n a los<br \/>\ninstitutos IES Puerto Cabras Rafael B\u00e1ez, IES Santo Tom\u00e1s de Aquino, IES Puerto<br \/>\ndel Rosario, IES La Oliva, CEO Antigua, IES San Diego de Alcal\u00e1 y el CPEIPS<br \/>\nSagrado Coraz\u00f3n.<\/p>\n<p>El Cabildo impulsa este programa con el convencimiento de que los<br \/>\njuegos tradicionales no solo rescatan una parte esencial del patrimonio<br \/>\ncultural canario, sino que tambi\u00e9n fomentan valores educativos, sociales, de<br \/>\nsalud e inclusi\u00f3n.<\/p>\n<p>Con el objetivo de hacer el programa a\u00fan m\u00e1s accesible,<br \/>\nespecialmente para el alumnado con diversidad funcional, se incorporan gafas de<br \/>\nrealidad virtual (VR). Esta herramienta, facilitada gracias al apoyo de la<br \/>\nConsejer\u00eda de Nuevas Tecnolog\u00edas, que dirige Carmen Alonso, permite a los<br \/>\nestudiantes vivir experiencias inmersivas en disciplinas como el Salto del<br \/>\nPastor o el Palo Canario, combinando tradici\u00f3n, tecnolog\u00eda y educaci\u00f3n de forma<br \/>\ninnovadora.<\/p>\n<\/div>\n","protected":false},"excerpt":{"rendered":"<p>20 enero, 2026 Se han incorporado gafas de realidad virtual (VR) con el objetivo de que el alumnado con diversidad funcional pueda desarrollar las actividades del programa El Cabildo, a [&hellip;]<\/p>\n","protected":false},"author":1,"featured_media":16482,"comment_status":"open","ping_status":"open","sticky":false,"template":"","format":"standard","meta":{"inline_featured_image":false,"jnews-multi-image_gallery":[],"jnews_single_post":[],"jnews_primary_category":[],"jnews_social_meta":[],"jnews_override_counter":[],"jnews_post_split":[],"footnotes":""},"categories":[58],"tags":[73],"class_list":["post-16480","post","type-post","status-publish","format-standard","has-post-thumbnail","hentry","category-cabildo","tag-educacion"],"jetpack_featured_media_url":"https:\/\/informacionlocal.es\/wp-content\/uploads\/2026\/01\/ies-gran-tarajal.jpeg","_links":{"self":[{"href":"https:\/\/informacionlocal.es\/de\/wp-json\/wp\/v2\/posts\/16480","targetHints":{"allow":["GET"]}}],"collection":[{"href":"https:\/\/informacionlocal.es\/de\/wp-json\/wp\/v2\/posts"}],"about":[{"href":"https:\/\/informacionlocal.es\/de\/wp-json\/wp\/v2\/types\/post"}],"author":[{"embeddable":true,"href":"https:\/\/informacionlocal.es\/de\/wp-json\/wp\/v2\/users\/1"}],"replies":[{"embeddable":true,"href":"https:\/\/informacionlocal.es\/de\/wp-json\/wp\/v2\/comments?post=16480"}],"version-history":[{"count":0,"href":"https:\/\/informacionlocal.es\/de\/wp-json\/wp\/v2\/posts\/16480\/revisions"}],"wp:featuredmedia":[{"embeddable":true,"href":"https:\/\/informacionlocal.es\/de\/wp-json\/wp\/v2\/media\/16482"}],"wp:attachment":[{"href":"https:\/\/informacionlocal.es\/de\/wp-json\/wp\/v2\/media?parent=16480"}],"wp:term":[{"taxonomy":"category","embeddable":true,"href":"https:\/\/informacionlocal.es\/de\/wp-json\/wp\/v2\/categories?post=16480"},{"taxonomy":"post_tag","embeddable":true,"href":"https:\/\/informacionlocal.es\/de\/wp-json\/wp\/v2\/tags?post=16480"}],"curies":[{"name":"wp","href":"https:\/\/api.w.org\/{rel}","templated":true}]}}