{"id":16468,"date":"2026-01-20T15:02:14","date_gmt":"2026-01-20T15:02:14","guid":{"rendered":"https:\/\/informacionlocal.es\/el-cabildo-mejora-tus-desplazamientos-continua-rehabilitando-las-infraestructuras-del-transporte-publico-de-toda-la-isla\/"},"modified":"2026-01-20T15:02:14","modified_gmt":"2026-01-20T15:02:14","slug":"el-cabildo-mejora-tus-desplazamientos-continua-rehabilitando-las-infraestructuras-del-transporte-publico-de-toda-la-isla","status":"publish","type":"post","link":"https:\/\/informacionlocal.es\/de\/el-cabildo-mejora-tus-desplazamientos-continua-rehabilitando-las-infraestructuras-del-transporte-publico-de-toda-la-isla\/","title":{"rendered":"\u2018El Cabildo mejora tus desplazamientos\u2019 contin\u00faa rehabilitando las infraestructuras del transporte p\u00fablico de toda la isla"},"content":{"rendered":"<div class=\"entry-content\"><strong>20 enero, 2026<\/strong><\/p>\n<p><strong><em>El plan de empleo act\u00faa en paradas preferentes, estaciones de guaguas y marquesinas<\/em><\/strong><\/p>\n<p>El plan de empleo \u2018Mejora tus Desplazamientos\u2019 contin\u00faa acondicionando las infraestructuras de transporte p\u00fablico insular con el objetivo de ofrecer espacios m\u00e1s accesibles y seguros, al tiempo que favorece la inserci\u00f3n laboral de 13 personas desempleadas que desarrollan las acciones de limpieza y rehabilitaci\u00f3n.<\/p>\n<p>La presidenta insular, Lola Garc\u00eda, destaca la importancia de los planes de empleo del Cabildo de Fuerteventura, \u201cque se orientan a \u00e1reas estrat\u00e9gicas y a dar respuesta a demandas de la poblaci\u00f3n, realizando en este caso una labor de servicio p\u00fablico muy importante en las infraestructuras de transporte\u201d.<\/p>\n<p>Seg\u00fan ha indicado la consejera de Fomento del Empleo, Nuria Cabrera, a trav\u00e9s de este proyecto se act\u00faa en estaciones de guaguas, paradas preferentes y marquesinas distribuidos en norte, centro y sur de Fuerteventura, en coordinaci\u00f3n con el \u00e1rea insular de Transportes, que dirige Luis Gonz\u00e1lez.<\/p>\n<p>Entre los espacios intervenidos, se encuentran las estaciones de Puerto del Rosario y Morro Jable, as\u00ed como las paradas preferentes de Caleta de Fuste, Gran Tarajal, Corralejo y El Cotillo, adem\u00e1s de marquesinas en una cincuentena de localidades.<\/p>\n<p>Las actuaciones abarcan trabajos de limpieza integral, reparaci\u00f3n, pintura y embellecimiento tanto en el interior como en el exterior de las instalaciones, adem\u00e1s de mejoras en las zonas ajardinadas y entornos urbanos vinculados al transporte p\u00fablico.<\/p>\n<p>En determinados espacios, se han llevado a cabo tambi\u00e9n labores de mantenimiento de jardines, poda de palmeras, adecuaci\u00f3n de sistemas de riego y peque\u00f1as reparaciones de mobiliario e infraestructuras, adapt\u00e1ndose a las necesidades detectadas en cada ubicaci\u00f3n.<\/p>\n<p>La iniciativa alcanza una inversi\u00f3n de 369.733,23 euros, cofinanciada por el Cabildo de Fuerteventura y el Gobierno de Canarias, a trav\u00e9s de los recursos del Fondo de Desarrollo de Canarias (FDCAN).<\/p>\n<\/div>\n","protected":false},"excerpt":{"rendered":"<p>20 enero, 2026 El plan de empleo act\u00faa en paradas preferentes, estaciones de guaguas y marquesinas El plan de empleo \u2018Mejora tus Desplazamientos\u2019 contin\u00faa acondicionando las infraestructuras de transporte p\u00fablico [&hellip;]<\/p>\n","protected":false},"author":1,"featured_media":16470,"comment_status":"open","ping_status":"open","sticky":false,"template":"","format":"standard","meta":{"inline_featured_image":false,"jnews-multi-image_gallery":[],"jnews_single_post":[],"jnews_primary_category":[],"jnews_social_meta":[],"jnews_override_counter":[],"jnews_post_split":[],"footnotes":""},"categories":[58],"tags":[82,75],"class_list":["post-16468","post","type-post","status-publish","format-standard","has-post-thumbnail","hentry","category-cabildo","tag-fuerteventura","tag-transportes"],"jetpack_featured_media_url":"https:\/\/informacionlocal.es\/wp-content\/uploads\/2026\/01\/mejora-tus-desplazamientos3.jpeg","_links":{"self":[{"href":"https:\/\/informacionlocal.es\/de\/wp-json\/wp\/v2\/posts\/16468","targetHints":{"allow":["GET"]}}],"collection":[{"href":"https:\/\/informacionlocal.es\/de\/wp-json\/wp\/v2\/posts"}],"about":[{"href":"https:\/\/informacionlocal.es\/de\/wp-json\/wp\/v2\/types\/post"}],"author":[{"embeddable":true,"href":"https:\/\/informacionlocal.es\/de\/wp-json\/wp\/v2\/users\/1"}],"replies":[{"embeddable":true,"href":"https:\/\/informacionlocal.es\/de\/wp-json\/wp\/v2\/comments?post=16468"}],"version-history":[{"count":0,"href":"https:\/\/informacionlocal.es\/de\/wp-json\/wp\/v2\/posts\/16468\/revisions"}],"wp:featuredmedia":[{"embeddable":true,"href":"https:\/\/informacionlocal.es\/de\/wp-json\/wp\/v2\/media\/16470"}],"wp:attachment":[{"href":"https:\/\/informacionlocal.es\/de\/wp-json\/wp\/v2\/media?parent=16468"}],"wp:term":[{"taxonomy":"category","embeddable":true,"href":"https:\/\/informacionlocal.es\/de\/wp-json\/wp\/v2\/categories?post=16468"},{"taxonomy":"post_tag","embeddable":true,"href":"https:\/\/informacionlocal.es\/de\/wp-json\/wp\/v2\/tags?post=16468"}],"curies":[{"name":"wp","href":"https:\/\/api.w.org\/{rel}","templated":true}]}}