{"id":16428,"date":"2026-01-19T21:03:06","date_gmt":"2026-01-19T21:03:06","guid":{"rendered":"https:\/\/informacionlocal.es\/el-ayuntamiento-de-puerto-del-rosario-y-la-ulpgc-recrean-con-exito-la-historica-lucha-magna-de-1875-en-la-ampuyenta\/"},"modified":"2026-01-19T21:03:06","modified_gmt":"2026-01-19T21:03:06","slug":"el-ayuntamiento-de-puerto-del-rosario-y-la-ulpgc-recrean-con-exito-la-historica-lucha-magna-de-1875-en-la-ampuyenta","status":"publish","type":"post","link":"https:\/\/informacionlocal.es\/de\/el-ayuntamiento-de-puerto-del-rosario-y-la-ulpgc-recrean-con-exito-la-historica-lucha-magna-de-1875-en-la-ampuyenta\/","title":{"rendered":"El Ayuntamiento de Puerto del Rosario y la ULPGC recrean con \u00e9xito la hist\u00f3rica \u201cLucha Magna\u201d de 1875 en La Ampuyenta"},"content":{"rendered":"<div class=\"entry-content\">\n<ul>\n<li><span><strong>El evento, organizado por la C\u00e1tedra Universitaria Emilio Rivero Rodr\u00edguez y el consistorio capitalino, con la colaboraci\u00f3n de la A.A.V.V. San Pedro Alc\u00e1ntara, La Agrupaci\u00f3n Folcl\u00f3rica Maxorata y el I.E.S. Puerto del Rosario, reuni\u00f3 a m\u00e1s de 30 luchadores y numeroso p\u00fablico pese a las condiciones meteorol\u00f3gicas.<\/strong><\/span><strong>\u00a0<\/strong><\/li>\n<\/ul>\n<p><span><strong>En Puerto del Rosario, a 19 de enero de 2026.-<\/strong> La hist\u00f3rica \u201cgavia de la lucha\u201d en el pago de La Ampuyenta volvi\u00f3 a ser testigo este domingo de un \u00e9pico encuentro de Lucha Canaria donde luchadores majoreros, veteranos y en activo, ataviados con la vestimenta tradicional del siglo XIX, recreando con rigor la famosa \u201cLucha Magna\u201d que tuvo lugar hace 150 a\u00f1os, tal como recogen las cr\u00f3nicas de la \u00e9poca.<\/span><\/p>\n<p><span>Durante una hora, los bregadores, representando a los bandos Norte y Sur de Fuerteventura y acompa\u00f1ados por mandadores, comisionados, jurado y juez de campo, ofrecieron una fiel representaci\u00f3n que traslad\u00f3 a los asistentes al pasado.<\/span><\/p>\n<p><span>Pese al tiempo desapacible y lluvioso, numeroso p\u00fablico se congreg\u00f3 para presenciar este acto \u00fanico, que finaliz\u00f3 con un enyesque de confraternizaci\u00f3n en el Teleclub de La Ampuyenta, amenizada por una parranda y que reuni\u00f3 a casi un centenar de personas.<\/span><\/p>\n<p><img loading=\"lazy\" decoding=\"async\" loading=\"lazy\" class=\"size-full wp-image-158195 aligncenter\" src=\"https:\/\/informacionlocal.es\/wp-content\/uploads\/2026\/01\/lucha-magna-2.jpeg\" width=\"960\" height=\"640\" title=\"lucha-magna-2\"><\/p>\n<p><span>La recreaci\u00f3n hist\u00f3rica est\u00e1 basada en un art\u00edculo period\u00edstico publicado en \u201cLa Lealtad\u201d, escrito por D.Felipe Franc\u00e9s en 1875 cuando era secretario del Ayuntamiento de Tuineje.<\/span><\/p>\n<p><span>El alcalde de Puerto del Rosario, David de Vera, destac\u00f3 el valor cultural y social del evento. \u201cDesde el Ayuntamiento apoyamos decididamente iniciativas como esta, que no solo ponen en valor nuestro patrimonio hist\u00f3rico y nuestras tradiciones, sino que act\u00faan como un potente revulsivo para dinamizar y dar a conocer nuestros pagos y su historia. La Lucha Canaria es un pilar fundamental de nuestra identidad majorera, y recrearla en su contexto original es una manera excepcional de honrar a quienes la mantuvieron viva y de transmitirla a las nuevas generaciones.\u201d<\/span><\/p>\n<p><span>Por su parte, el concejal de Patrimonio Hist\u00f3rico, David de Le\u00f3n, a\u00f1adi\u00f3 que \u201cesta recreaci\u00f3n es mucho m\u00e1s que un evento deportivo; es un acto de recuperaci\u00f3n de la memoria hist\u00f3rica y del patrimonio inmaterial de Fuerteventura. Colaborar con la C\u00e1tedra Universitaria nos permite aunar esfuerzos para investigar, documentar y visibilizar nuestro legado. \u201cLa Lucha Magna\u201d de La Ampuyenta es un cap\u00edtulo emblem\u00e1tico, y devolverle su lugar a trav\u00e9s de una puesta en escena tan cuidada refuerza el orgullo local y el v\u00ednculo de la comunidad con su tierra.\u201d<\/span><\/p>\n<p><img loading=\"lazy\" decoding=\"async\" loading=\"lazy\" class=\"size-large wp-image-158196 aligncenter\" src=\"https:\/\/informacionlocal.es\/wp-content\/uploads\/2026\/01\/lucha-magna-3-1024x576-1.jpeg\" width=\"1024\" height=\"576\" title=\"lucha-magna-3-1024x576-1\"><\/p>\n<p><span>V\u00edctor Alonso, director de la C\u00e1tedra Universitaria Emilio Rivero Rodr\u00edguez de Lucha Canaria de la ULPGC, subray\u00f3 que \u201cesta recreaci\u00f3n pone en valor no s\u00f3lo un hecho hist\u00f3rico, sino, sobre todo, el papel fundamental que desempe\u00f1a la gente de la lucha en la salvaguarda y fomento de los valores patrimoniales\u201d.<\/span><\/p>\n<p><span>Jorge \u00c1vila, miembro de la C\u00e1tedra y principal impulsor de la organizaci\u00f3n junto al Ayuntamiento de Puerto del Rosario, destac\u00f3 \u201cla gran acogida y la total colaboraci\u00f3n del mundo de la lucha de la isla, con el inter\u00e9s y apoyo un\u00e1nime de luchadores, clubes y aficionados. Ha sido un evento pionero en Fuerteventura y en Canarias\u201d.<\/span><\/p>\n<p><span>El \u00e9xito de esta jornada marca el inicio de una serie de acciones proyectadas de manera conjunta por ambas instituciones para los pr\u00f3ximos meses (entre enero y mayo de 2026), todas ellas orientadas a la promoci\u00f3n de la Lucha Canaria y del patrimonio cultural de la isla.<\/span><\/p>\n<p><span>Fotos: Leticia Barreto<\/span><\/p>\n<\/div>\n","protected":false},"excerpt":{"rendered":"<p>El evento, organizado por la C\u00e1tedra Universitaria Emilio Rivero Rodr\u00edguez y el consistorio capitalino, con la colaboraci\u00f3n de la A.A.V.V. San Pedro Alc\u00e1ntara, La Agrupaci\u00f3n Folcl\u00f3rica Maxorata y el I.E.S. [&hellip;]<\/p>\n","protected":false},"author":1,"featured_media":16430,"comment_status":"open","ping_status":"open","sticky":false,"template":"","format":"standard","meta":{"inline_featured_image":false,"jnews-multi-image_gallery":[],"jnews_single_post":[],"jnews_primary_category":[],"jnews_social_meta":[],"jnews_override_counter":[],"jnews_post_split":[],"footnotes":""},"categories":[61],"tags":[82],"class_list":["post-16428","post","type-post","status-publish","format-standard","has-post-thumbnail","hentry","category-puerto-del-rosario","tag-fuerteventura"],"jetpack_featured_media_url":"https:\/\/informacionlocal.es\/wp-content\/uploads\/2026\/01\/lucha-magna.png","_links":{"self":[{"href":"https:\/\/informacionlocal.es\/de\/wp-json\/wp\/v2\/posts\/16428","targetHints":{"allow":["GET"]}}],"collection":[{"href":"https:\/\/informacionlocal.es\/de\/wp-json\/wp\/v2\/posts"}],"about":[{"href":"https:\/\/informacionlocal.es\/de\/wp-json\/wp\/v2\/types\/post"}],"author":[{"embeddable":true,"href":"https:\/\/informacionlocal.es\/de\/wp-json\/wp\/v2\/users\/1"}],"replies":[{"embeddable":true,"href":"https:\/\/informacionlocal.es\/de\/wp-json\/wp\/v2\/comments?post=16428"}],"version-history":[{"count":0,"href":"https:\/\/informacionlocal.es\/de\/wp-json\/wp\/v2\/posts\/16428\/revisions"}],"wp:featuredmedia":[{"embeddable":true,"href":"https:\/\/informacionlocal.es\/de\/wp-json\/wp\/v2\/media\/16430"}],"wp:attachment":[{"href":"https:\/\/informacionlocal.es\/de\/wp-json\/wp\/v2\/media?parent=16428"}],"wp:term":[{"taxonomy":"category","embeddable":true,"href":"https:\/\/informacionlocal.es\/de\/wp-json\/wp\/v2\/categories?post=16428"},{"taxonomy":"post_tag","embeddable":true,"href":"https:\/\/informacionlocal.es\/de\/wp-json\/wp\/v2\/tags?post=16428"}],"curies":[{"name":"wp","href":"https:\/\/api.w.org\/{rel}","templated":true}]}}