{"id":16370,"date":"2026-01-19T16:02:12","date_gmt":"2026-01-19T16:02:12","guid":{"rendered":"https:\/\/informacionlocal.es\/entrega-de-premios-a-los-participantes-del-iii-concurso-y-certamen-literario-doctor-mena-para-reconocer-el-talento-literario\/"},"modified":"2026-01-19T16:02:12","modified_gmt":"2026-01-19T16:02:12","slug":"entrega-de-premios-a-los-participantes-del-iii-concurso-y-certamen-literario-doctor-mena-para-reconocer-el-talento-literario","status":"publish","type":"post","link":"https:\/\/informacionlocal.es\/de\/entrega-de-premios-a-los-participantes-del-iii-concurso-y-certamen-literario-doctor-mena-para-reconocer-el-talento-literario\/","title":{"rendered":"Entrega de premios a los participantes del III Concurso y Certamen Literario \u2018Doctor Mena\u2019 para reconocer el talento literario"},"content":{"rendered":"<div class=\"entry-content\"><strong>16 enero, 2026<\/strong><\/p>\n<p><strong><em>El concurso reuni\u00f3 a autores y autoras de distintos puntos del Archipi\u00e9lago en las modalidades de poes\u00eda y microrrelato<\/em><\/strong><\/p>\n<p>La Asociaci\u00f3n de Vecinos San Pedro Alc\u00e1ntara, en coordinaci\u00f3n con Museos de Fuerteventura, ha hecho la entrega de premios a los ganadores del III Concurso y Certamen Literario \u2018Doctor Mena\u2019, en el que han participado residentes de toda Canarias en las modalidades de poes\u00eda y microrrelato.<\/p>\n<p>La presidenta del Cabildo de Fuerteventura, Lola Garc\u00eda, felicit\u00f3 a la Asociaci\u00f3n de Vecinos por mantener viva esta iniciativa, \u201cque demuestra que la cultura se construye desde la cercan\u00eda y el compromiso\u201d, haciendo hincapi\u00e9 en \u201cel talento que tenemos en nuestra Isla\u201d.<\/p>\n<p>Seg\u00fan ha explicado el consejero de Museos de Fuerteventura, Rayco Le\u00f3n, el certamen vuelve a poner de manifiesto el compromiso del pueblo de Ampuyenta con la cultura y la literatura, consolid\u00e1ndose como un espacio de encuentro para la creatividad literaria del Archipi\u00e9lago.<\/p>\n<p>El alcalde de Puerto del Rosario, David de Vera, agradeci\u00f3 al Cabildo y a la asociaci\u00f3n por hacer posible el desarrollo de este certamen e invit\u00f3 a participar en el resto de la programaci\u00f3n de las Fiestas en Honor a Fray Andresito.<\/p>\n<p>Estuvieron presentes, adem\u00e1s, el concejal de Cultura del Ayuntamiento de Puerto del Rosario, Juan Manuel Verdugo, el presidente de la AAVV San Pedro Alc\u00e1ntara, David Reyes, y la coordinadora del proyecto, Idaira Reyes, quienes destacaron y la alta participaci\u00f3n en el certamen con alrededor de 200 obras, resaltando la alta calidad y diversidad de los trabajos presentados.<\/p>\n<p>En cuanto a la categor\u00eda de Poes\u00eda, el primer premio fue para la obra\u00a0<em>Con el caj\u00f3n abierto,\u00a0<\/em>de N\u00e9stor P\u00e9rez Dom\u00ednguez, desde Candelaria (Santa Cruz de Tenerife).<\/p>\n<p>El segundo premio recay\u00f3 en\u00a0<em>Al ser nombrada, La Ampuyenta<\/em>, de Diana Sayago Armas, desde Puerto del Rosario. Mientras, el tercer premio fue concedido a\u00a0<em>Palmera solitaria<\/em>, de Iv\u00e1n Shioppa, tambi\u00e9n desde Puerto del Rosario.<\/p>\n<p>El primer premio de Microrrelato fue para la obra\u00a0<em>Ceder al viento, pertenecer a la tierra<\/em>, de Marjorie Rodr\u00edguez Espa\u00f1a, desde Los Estancos.<\/p>\n<p>El segundo fue otorgado a\u00a0<em>La verdad escondida<\/em>, de Isabel Mar\u00eda Lobato Jim\u00e9nez, desde La Orotava (Tenerife).<\/p>\n<p>El tercer premio fue para\u00a0<em>El traficante<\/em>, de Fernando Armas P\u00e9rez, desde San Crist\u00f3bal de La Laguna (Tenerife).<\/p>\n<p>Fueron reconocidos con primer acc\u00e9sit la obra\u00a0<em>Mi infancia en mi pueblo<\/em>\u00a0de Milagros Cabrera y segundo acc\u00e9sit para Volver a casa de Luc\u00eda Rodr\u00edguez.<\/p>\n<p>El certamen contempla premios en met\u00e1lico y trofeos para las tres mejores obras de cada categor\u00eda, siendo para el primero 150 euros, para el segundo 100 y para el tercero 75. Adem\u00e1s, se realiza una selecci\u00f3n de textos para su publicaci\u00f3n en un libro colectivo que reunir\u00e1 los trabajos m\u00e1s destacados.<\/p>\n<\/div>\n","protected":false},"excerpt":{"rendered":"<p>16 enero, 2026 El concurso reuni\u00f3 a autores y autoras de distintos puntos del Archipi\u00e9lago en las modalidades de poes\u00eda y microrrelato La Asociaci\u00f3n de Vecinos San Pedro Alc\u00e1ntara, en [&hellip;]<\/p>\n","protected":false},"author":1,"featured_media":16372,"comment_status":"open","ping_status":"open","sticky":false,"template":"","format":"standard","meta":{"inline_featured_image":false,"jnews-multi-image_gallery":[],"jnews_single_post":[],"jnews_primary_category":[],"jnews_social_meta":[],"jnews_override_counter":[],"jnews_post_split":[],"footnotes":""},"categories":[58],"tags":[82],"class_list":["post-16370","post","type-post","status-publish","format-standard","has-post-thumbnail","hentry","category-cabildo","tag-fuerteventura"],"jetpack_featured_media_url":"https:\/\/informacionlocal.es\/wp-content\/uploads\/2026\/01\/1768808369-f02d3d2fdc6891a193d03f74dfe565df.jpg","_links":{"self":[{"href":"https:\/\/informacionlocal.es\/de\/wp-json\/wp\/v2\/posts\/16370","targetHints":{"allow":["GET"]}}],"collection":[{"href":"https:\/\/informacionlocal.es\/de\/wp-json\/wp\/v2\/posts"}],"about":[{"href":"https:\/\/informacionlocal.es\/de\/wp-json\/wp\/v2\/types\/post"}],"author":[{"embeddable":true,"href":"https:\/\/informacionlocal.es\/de\/wp-json\/wp\/v2\/users\/1"}],"replies":[{"embeddable":true,"href":"https:\/\/informacionlocal.es\/de\/wp-json\/wp\/v2\/comments?post=16370"}],"version-history":[{"count":0,"href":"https:\/\/informacionlocal.es\/de\/wp-json\/wp\/v2\/posts\/16370\/revisions"}],"wp:featuredmedia":[{"embeddable":true,"href":"https:\/\/informacionlocal.es\/de\/wp-json\/wp\/v2\/media\/16372"}],"wp:attachment":[{"href":"https:\/\/informacionlocal.es\/de\/wp-json\/wp\/v2\/media?parent=16370"}],"wp:term":[{"taxonomy":"category","embeddable":true,"href":"https:\/\/informacionlocal.es\/de\/wp-json\/wp\/v2\/categories?post=16370"},{"taxonomy":"post_tag","embeddable":true,"href":"https:\/\/informacionlocal.es\/de\/wp-json\/wp\/v2\/tags?post=16370"}],"curies":[{"name":"wp","href":"https:\/\/api.w.org\/{rel}","templated":true}]}}