{"id":16336,"date":"2026-01-19T11:02:13","date_gmt":"2026-01-19T11:02:13","guid":{"rendered":"https:\/\/informacionlocal.es\/el-cabildo-desarrolla-el-curso-charlas-y-cursos-de-formacion-conecta-y-crece-digital-para-acercar-la-innovacion-tecnologica\/"},"modified":"2026-01-19T11:02:13","modified_gmt":"2026-01-19T11:02:13","slug":"el-cabildo-desarrolla-el-curso-charlas-y-cursos-de-formacion-conecta-y-crece-digital-para-acercar-la-innovacion-tecnologica","status":"publish","type":"post","link":"https:\/\/informacionlocal.es\/de\/el-cabildo-desarrolla-el-curso-charlas-y-cursos-de-formacion-conecta-y-crece-digital-para-acercar-la-innovacion-tecnologica\/","title":{"rendered":"El Cabildo desarrolla el curso \u201cCharlas y cursos de formaci\u00f3n Conecta y Crece Digital\u201d para acercar la innovaci\u00f3n tecnol\u00f3gica"},"content":{"rendered":"<div class=\"entry-content\"><strong>19 enero, 2026<\/strong><\/p>\n<p><strong><em>La formaci\u00f3n, de car\u00e1cter gratuito, ofrecer\u00e1 herramientas a<br \/>\nciudadanos y empresas para aprender a usar la inteligencia artificial<\/em><\/strong><\/p>\n<p>El Cabildo de Fuerteventura, a trav\u00e9s de la Consejer\u00eda de Nuevas<br \/>\nTecnolog\u00edas, organiza en Morro Jable la acci\u00f3n formativa \u201cInteligencia<br \/>\nArtificial para principiantes\u201d, que se celebrar\u00e1 dentro del programa \u201cCharlas y<br \/>\ncursos de formaci\u00f3n Conecta y Crece Digital\u201d, con el objetivo de acercar la<br \/>\ninnovaci\u00f3n tecnol\u00f3gica a la ciudadan\u00eda y al tejido empresarial de la Isla.<\/p>\n<p>La formaci\u00f3n tendr\u00e1 lugar en Morro Jable los d\u00edas viernes 23,<br \/>\ns\u00e1bado 24 y domingo 25 de enero. El viernes el horario ser\u00e1 de 16.00 a 19.00<br \/>\nhoras y s\u00e1bado y domingo de 9.00 a 14.00 horas.<\/p>\n<p>La propuesta incluye una charla introductoria sobre qu\u00e9 es la<br \/>\ninteligencia artificial, sus principales aplicaciones cotidianas y su impacto<br \/>\nsocial, \u00e9tico y econ\u00f3mico, abordando tambi\u00e9n los retos y oportunidades que<br \/>\nplantea para la sociedad majorera. A continuaci\u00f3n, el curso pr\u00e1ctico se<br \/>\ncentrar\u00e1 en el uso de herramientas de IA accesibles, como asistentes<br \/>\nconversacionales tipo ChatGPT, as\u00ed como aplicaciones orientadas a la mejora de<br \/>\nla productividad y la creatividad en \u00e1mbitos como la educaci\u00f3n, los peque\u00f1os negocios<br \/>\ny los proyectos personales.<\/p>\n<p>Durante el curso, las personas participantes aprender\u00e1n a formular<br \/>\nbuenas consultas a herramientas de IA, generar textos, ideas, res\u00famenes y<br \/>\nmateriales de apoyo, adem\u00e1s de conocer trucos b\u00e1sicos para integrar estas soluciones<br \/>\nen su trabajo diario de forma responsable y segura. La metodolog\u00eda ser\u00e1 principalmente<br \/>\npr\u00e1ctica, con demostraciones en directo y ejercicios guiados.<\/p>\n<p>La consejera de Nuevas Tecnolog\u00edas, Carmen Alonso, subraya que \u201cla<br \/>\ninteligencia artificial ya forma parte de nuestra vida diaria y queremos que la<br \/>\npoblaci\u00f3n de Fuerteventura tenga las herramientas necesarias para entenderla y<br \/>\naprovecharla, no solo como usuaria, sino tambi\u00e9n como protagonista del cambio<br \/>\ndigital\u201d. \u201cCon este tipo de acciones pretendemos reducir la brecha digital y<br \/>\nofrecer nuevas oportunidades de empleo y emprendimiento, ayudando a que pymes,<br \/>\naut\u00f3nomos y personas en b\u00fasqueda de nuevas salidas profesionales descubran c\u00f3mo<br \/>\nla IA puede apoyar sus proyectos y mejorar su competitividad\u201d, a\u00f1adi\u00f3.<\/p>\n<p>La actividad es gratuita, con plazas limitadas, y requiere<br \/>\ninscripci\u00f3n previa a trav\u00e9s de la web del Cabildo de Fuerteventura cabildofuer.es.<br \/>\nEsta acci\u00f3n se enmarca en la estrategia insular para impulsar la transformaci\u00f3n<br \/>\ndigital, fomentar el uso responsable de las nuevas tecnolog\u00edas y acercar la<br \/>\nformaci\u00f3n especializada a todos los municipios de la Isla.<\/p>\n<\/div>\n","protected":false},"excerpt":{"rendered":"<p>19 enero, 2026 La formaci\u00f3n, de car\u00e1cter gratuito, ofrecer\u00e1 herramientas a ciudadanos y empresas para aprender a usar la inteligencia artificial El Cabildo de Fuerteventura, a trav\u00e9s de la Consejer\u00eda [&hellip;]<\/p>\n","protected":false},"author":1,"featured_media":16338,"comment_status":"open","ping_status":"open","sticky":false,"template":"","format":"standard","meta":{"inline_featured_image":false,"jnews-multi-image_gallery":[],"jnews_single_post":[],"jnews_primary_category":[],"jnews_social_meta":[],"jnews_override_counter":[],"jnews_post_split":[],"footnotes":""},"categories":[58],"tags":[73,82],"class_list":["post-16336","post","type-post","status-publish","format-standard","has-post-thumbnail","hentry","category-cabildo","tag-educacion","tag-fuerteventura"],"jetpack_featured_media_url":"https:\/\/informacionlocal.es\/wp-content\/uploads\/2026\/01\/curso-ia.jpeg","_links":{"self":[{"href":"https:\/\/informacionlocal.es\/de\/wp-json\/wp\/v2\/posts\/16336","targetHints":{"allow":["GET"]}}],"collection":[{"href":"https:\/\/informacionlocal.es\/de\/wp-json\/wp\/v2\/posts"}],"about":[{"href":"https:\/\/informacionlocal.es\/de\/wp-json\/wp\/v2\/types\/post"}],"author":[{"embeddable":true,"href":"https:\/\/informacionlocal.es\/de\/wp-json\/wp\/v2\/users\/1"}],"replies":[{"embeddable":true,"href":"https:\/\/informacionlocal.es\/de\/wp-json\/wp\/v2\/comments?post=16336"}],"version-history":[{"count":0,"href":"https:\/\/informacionlocal.es\/de\/wp-json\/wp\/v2\/posts\/16336\/revisions"}],"wp:featuredmedia":[{"embeddable":true,"href":"https:\/\/informacionlocal.es\/de\/wp-json\/wp\/v2\/media\/16338"}],"wp:attachment":[{"href":"https:\/\/informacionlocal.es\/de\/wp-json\/wp\/v2\/media?parent=16336"}],"wp:term":[{"taxonomy":"category","embeddable":true,"href":"https:\/\/informacionlocal.es\/de\/wp-json\/wp\/v2\/categories?post=16336"},{"taxonomy":"post_tag","embeddable":true,"href":"https:\/\/informacionlocal.es\/de\/wp-json\/wp\/v2\/tags?post=16336"}],"curies":[{"name":"wp","href":"https:\/\/api.w.org\/{rel}","templated":true}]}}