{"id":1633,"date":"2025-04-14T10:00:25","date_gmt":"2025-04-14T10:00:25","guid":{"rendered":"https:\/\/informacionlocal.es\/antigua-bietet-wanderern-die-moeglichkeit-dem-weg-von-corralejo-nach-lajares-zu-folgen\/"},"modified":"2025-04-14T10:47:42","modified_gmt":"2025-04-14T10:47:42","slug":"antigua-bietet-wanderern-die-moeglichkeit-dem-weg-von-corralejo-nach-lajares-zu-folgen","status":"publish","type":"post","link":"https:\/\/informacionlocal.es\/de\/antigua-bietet-wanderern-die-moeglichkeit-dem-weg-von-corralejo-nach-lajares-zu-folgen\/","title":{"rendered":"Antigua bietet Wanderern die M\u00f6glichkeit, dem Weg von Corralejo nach Lajares zu folgen."},"content":{"rendered":"<div class=\"elementor-widget-container\">\n<p><strong>Antigua bietet Wanderern die M\u00f6glichkeit, dem Weg von Corralejo nach Lajares zu folgen.<\/strong><\/p>\n<p><strong>&#8211; Die Anmeldefrist l\u00e4uft bis kommenden Montag, den 21. April, \u00fcber das Teilnehmerregister, wobei in Antigua registrierte Personen bevorzugt werden.  <\/strong><br \/><strong>&#8211; Die zweite Route des Programms Antigua se mueve findet am 26. dieses Monats statt und bietet eine 13 Kilometer lange Strecke mit mittlerem Schwierigkeitsgrad.  <\/strong><br \/><strong>&#8211; Die Anmeldung ist kostenlos, die Routen werden mit Erl\u00e4uterungen zu den wichtigsten historischen, kulturellen und faunistischen Merkmalen der Umgebung gef\u00fchrt und bieten einen Abschlussputz.<\/strong><\/p>\n<p>Das Programm &#8222;Antigua se mueve&#8220;, so der B\u00fcrgermeister Mat\u00edas Pe\u00f1a Garc\u00eda, bietet auf jeder Route F\u00fchrer an, die geologische Besonderheiten oder die Geschichten, die sich an den jeweiligen Orten zugetragen haben, erkl\u00e4ren, die Fortbewegung erleichtern und immer einen abschlie\u00dfenden Imbiss garantieren, um sich w\u00e4hrend der Besprechung der Route zu st\u00e4rken.<\/p>\n<p>Das Wanderprogramm Antigua se mueve, das von der Jugend- und Sportabteilung des Rathauses von Antigua organisiert wird, bietet die zweite angek\u00fcndigte Route \u00fcber 13 Kilometer von Corralejo nach Lajares an, die am Samstag, den 26. April, stattfinden wird.<\/p>\n<p>Die Anmeldung ist kostenlos und kann bis Montag, den 21. dieses Monats, im Rathaus von Antigua, im B\u00fcro des B\u00fcrgermeisters in Caleta de Fuste oder online unter www.ayto-antigua.es erfolgen.<\/p>\n<p>Das diesj\u00e4hrige Wanderprogramm bietet Routen mit unterschiedlichem Schwierigkeitsgrad, die zu den eindrucksvollsten Orten der verschiedenen Gemeinden f\u00fchren, sagt der Jugendbeauftragte Pedro Armas und bietet sogar an, an einer der n\u00e4chsten Wanderungen im Alto del Jurado gambuesa oder einer Nachtwanderung teilzunehmen.<\/p>\n<p>Das vollst\u00e4ndige Programm von Antigua se Mueve sieht sieben Routen vor, die am vergangenen Samstag mit einer gro\u00dfen Anzahl von registrierten Wanderern erfolgreich abgeschlossen wurden. Der Weg von Antigua nach Valle de Santa In\u00e9s, ohne die Pausen im Schatten und die abschlie\u00dfende Sitzung zu verpassen, um die Momente und die gesunde Praxis des Wanderns zu kommentieren, sagt der Stadtrat f\u00fcr Sport, Samuel Torres.<\/p>\n<\/div>\n","protected":false},"excerpt":{"rendered":"<p><strong>Antigua bietet Wanderern die M\u00f6glichkeit, dem Weg von Corralejo nach Lajares zu folgen.<\/strong><\/p>\n","protected":false},"author":1,"featured_media":1883,"comment_status":"open","ping_status":"open","sticky":false,"template":"","format":"standard","meta":{"inline_featured_image":false,"jnews-multi-image_gallery":[],"jnews_single_post":[],"jnews_primary_category":[],"jnews_social_meta":[],"jnews_override_counter":[],"jnews_post_split":[],"footnotes":""},"categories":[283],"tags":[196],"class_list":["post-1633","post","type-post","status-publish","format-standard","has-post-thumbnail","hentry","category-antigua-de","tag-gemeinden"],"jetpack_featured_media_url":"https:\/\/informacionlocal.es\/wp-content\/uploads\/2025\/04\/3-logo-antigua-transparente-h-png.webp","_links":{"self":[{"href":"https:\/\/informacionlocal.es\/de\/wp-json\/wp\/v2\/posts\/1633","targetHints":{"allow":["GET"]}}],"collection":[{"href":"https:\/\/informacionlocal.es\/de\/wp-json\/wp\/v2\/posts"}],"about":[{"href":"https:\/\/informacionlocal.es\/de\/wp-json\/wp\/v2\/types\/post"}],"author":[{"embeddable":true,"href":"https:\/\/informacionlocal.es\/de\/wp-json\/wp\/v2\/users\/1"}],"replies":[{"embeddable":true,"href":"https:\/\/informacionlocal.es\/de\/wp-json\/wp\/v2\/comments?post=1633"}],"version-history":[{"count":1,"href":"https:\/\/informacionlocal.es\/de\/wp-json\/wp\/v2\/posts\/1633\/revisions"}],"predecessor-version":[{"id":1899,"href":"https:\/\/informacionlocal.es\/de\/wp-json\/wp\/v2\/posts\/1633\/revisions\/1899"}],"wp:featuredmedia":[{"embeddable":true,"href":"https:\/\/informacionlocal.es\/de\/wp-json\/wp\/v2\/media\/1883"}],"wp:attachment":[{"href":"https:\/\/informacionlocal.es\/de\/wp-json\/wp\/v2\/media?parent=1633"}],"wp:term":[{"taxonomy":"category","embeddable":true,"href":"https:\/\/informacionlocal.es\/de\/wp-json\/wp\/v2\/categories?post=1633"},{"taxonomy":"post_tag","embeddable":true,"href":"https:\/\/informacionlocal.es\/de\/wp-json\/wp\/v2\/tags?post=1633"}],"curies":[{"name":"wp","href":"https:\/\/api.w.org\/{rel}","templated":true}]}}