{"id":16266,"date":"2026-01-16T16:02:03","date_gmt":"2026-01-16T16:02:03","guid":{"rendered":"https:\/\/informacionlocal.es\/un-centenar-de-personas-culminan-con-exito-el-programa-diploma-de-estudios-asiaticos\/"},"modified":"2026-01-16T16:02:03","modified_gmt":"2026-01-16T16:02:03","slug":"un-centenar-de-personas-culminan-con-exito-el-programa-diploma-de-estudios-asiaticos","status":"publish","type":"post","link":"https:\/\/informacionlocal.es\/de\/un-centenar-de-personas-culminan-con-exito-el-programa-diploma-de-estudios-asiaticos\/","title":{"rendered":"Un centenar de personas culminan con \u00e9xito el programa Diploma de Estudios Asi\u00e1ticos"},"content":{"rendered":"<div class=\"entry-content\"><strong>16 enero, 2026<\/strong><\/p>\n<p><strong><em>La iniciativa fomenta el aprendizaje permanente y la participaci\u00f3n activa en la vida cultural y educativa de la Isla<\/em><\/strong><\/p>\n<p>El Cabildo de Fuerteventura y la Universidad de Las Palmas de Gran Canaria (ULPGC) han celebrado el acto de entrega de diplomas del programa Diploma de Estudios Asi\u00e1ticos, dirigido a personas mayores de 55 a\u00f1os, que ha contado con una destacada participaci\u00f3n de 100 alumnos y alumnas que han culminado con \u00e9xito la formaci\u00f3n.<\/p>\n<p>Este programa formativo, desarrollado a lo largo del curso acad\u00e9mico, ha despertado un notable inter\u00e9s en la comunidad insular, consolid\u00e1ndose como una de las iniciativas con mayor participaci\u00f3n dentro de la oferta educativa destinada a personas adultas.<\/p>\n<p>La formaci\u00f3n ha permitido al alumnado acercarse a la realidad del continente asi\u00e1tico, abordando contenidos como los medios y cultura popular, patrimonio cultural y arte, realidad pol\u00edtica actual, historia y desarrollo econ\u00f3mico, realidades ling\u00fc\u00edsticas, entre otros.\u00a0<\/p>\n<p>La presidenta del Cabildo, Lola Garc\u00eda, ha felicitado a los graduados y ha se\u00f1alado que \u201cse trata de una formaci\u00f3n, con una trayectoria de m\u00e1s de 25 a\u00f1os en la isla, con el objetivo de\u00a0reforzar la presencia de la ULPGC aqu\u00ed, adem\u00e1s de promover el conocimiento y la vida acad\u00e9mica de nuestros adultos\u201d.<\/p>\n<p>Por su parte, el consejero de Educaci\u00f3n, Adargoma Hern\u00e1ndez, felicit\u00f3 al alumnado de un diploma que ha tenido una alta participaci\u00f3n \u201cy que es una muestra m\u00e1s de la importancia de reforzar la presencia de la ULPGC en Fuerteventura con cursos especiales que permiten ampliar conocimientos y promover la vida acad\u00e9mica en Fuerteventura\u201d.<\/p>\n<p>El vicerrector de Cultura, Deportes y Activaci\u00f3n Social de la ULPGC, Jos\u00e9 Miguel \u00c1lamo, ha destacado la colaboraci\u00f3n que existe entre el Cabildo y la ULPGC, que surge del compromiso con la formaci\u00f3n y difusi\u00f3n del conocimiento.<\/p>\n<p>En el acto intervinieron, asimismo, el alcalde de Puerto del Rosario, David de Vera, Antares Borja P\u00e9rez como padrino del curso y Mary Carmen Santana en representaci\u00f3n del alumnado.\u00a0 El acompa\u00f1amiento musical corri\u00f3 a cargo de la Coral de la Escuela Insular de M\u00fasica de Fuerteventura, bajo la direcci\u00f3n de Guillermo Gonz\u00e1lez Roger.<\/p>\n<\/div>\n","protected":false},"excerpt":{"rendered":"<p>16 enero, 2026 La iniciativa fomenta el aprendizaje permanente y la participaci\u00f3n activa en la vida cultural y educativa de la Isla El Cabildo de Fuerteventura y la Universidad de [&hellip;]<\/p>\n","protected":false},"author":1,"featured_media":16268,"comment_status":"open","ping_status":"open","sticky":false,"template":"","format":"standard","meta":{"inline_featured_image":false,"jnews-multi-image_gallery":[],"jnews_single_post":[],"jnews_primary_category":[],"jnews_social_meta":[],"jnews_override_counter":[],"jnews_post_split":[],"footnotes":""},"categories":[58],"tags":[73,82],"class_list":["post-16266","post","type-post","status-publish","format-standard","has-post-thumbnail","hentry","category-cabildo","tag-educacion","tag-fuerteventura"],"jetpack_featured_media_url":"https:\/\/informacionlocal.es\/wp-content\/uploads\/2026\/01\/1768553076-73aab17ec67f1d80b237d81f48462276.jpg","_links":{"self":[{"href":"https:\/\/informacionlocal.es\/de\/wp-json\/wp\/v2\/posts\/16266","targetHints":{"allow":["GET"]}}],"collection":[{"href":"https:\/\/informacionlocal.es\/de\/wp-json\/wp\/v2\/posts"}],"about":[{"href":"https:\/\/informacionlocal.es\/de\/wp-json\/wp\/v2\/types\/post"}],"author":[{"embeddable":true,"href":"https:\/\/informacionlocal.es\/de\/wp-json\/wp\/v2\/users\/1"}],"replies":[{"embeddable":true,"href":"https:\/\/informacionlocal.es\/de\/wp-json\/wp\/v2\/comments?post=16266"}],"version-history":[{"count":0,"href":"https:\/\/informacionlocal.es\/de\/wp-json\/wp\/v2\/posts\/16266\/revisions"}],"wp:featuredmedia":[{"embeddable":true,"href":"https:\/\/informacionlocal.es\/de\/wp-json\/wp\/v2\/media\/16268"}],"wp:attachment":[{"href":"https:\/\/informacionlocal.es\/de\/wp-json\/wp\/v2\/media?parent=16266"}],"wp:term":[{"taxonomy":"category","embeddable":true,"href":"https:\/\/informacionlocal.es\/de\/wp-json\/wp\/v2\/categories?post=16266"},{"taxonomy":"post_tag","embeddable":true,"href":"https:\/\/informacionlocal.es\/de\/wp-json\/wp\/v2\/tags?post=16266"}],"curies":[{"name":"wp","href":"https:\/\/api.w.org\/{rel}","templated":true}]}}