{"id":16218,"date":"2026-01-15T23:00:56","date_gmt":"2026-01-15T23:00:56","guid":{"rendered":"https:\/\/informacionlocal.es\/el-programa-semana-azul-regresa-a-los-centros-educativos-de-la-isla\/"},"modified":"2026-01-15T23:00:56","modified_gmt":"2026-01-15T23:00:56","slug":"el-programa-semana-azul-regresa-a-los-centros-educativos-de-la-isla","status":"publish","type":"post","link":"https:\/\/informacionlocal.es\/de\/el-programa-semana-azul-regresa-a-los-centros-educativos-de-la-isla\/","title":{"rendered":"El programa \u2018Semana Azul\u2019 regresa a los centros educativos de la isla"},"content":{"rendered":"<div class=\"entry-content\"><strong>15 enero, 2026<\/strong><\/p>\n<p><strong><em>En esta edici\u00f3n participar\u00e1n un millar escolares con el objetivo<br \/>\nde conocer de primera mano la actividad deportiva en el mar<\/em><\/strong><\/p>\n<p>El Cabildo de Fuerteventura, a trav\u00e9s de la Consejer\u00eda de<br \/>\nDeportes, reanuda el programa \u2018Semana Azul\u2019 en la localidad de Gran Tarajal,<br \/>\nuna iniciativa destinada a fomentar la pr\u00e1ctica deportiva en el medio marino y<br \/>\nla educaci\u00f3n en valores vinculados a la seguridad, el respeto y el conocimiento<br \/>\ndel entorno litoral. La iniciativa contar\u00e1 con una alta participaci\u00f3n de<br \/>\nalumnos, alrededor del millar.<\/p>\n<p>El programa se desarrollar\u00e1 en Gran Tarajal hasta el 5 de marzo y<br \/>\nestar\u00e1 destinado a centros de Educaci\u00f3n Primaria (5\u00ba curso), a Aulas Enclave de<br \/>\nlos Institutos de Educaci\u00f3n Secundaria y a programas de Formaci\u00f3n Profesional<br \/>\nAdaptada. Tras su finalizaci\u00f3n, el programa ser\u00e1 trasladado a los centros<br \/>\neducativos de Morro Jable.<\/p>\n<p>Durante el periodo lectivo, Semana Azul ofrece actividades de<br \/>\nvela, en las modalidades de Optimist y Raquero, y pirag\u00fcismo, combinando<br \/>\nsesiones te\u00f3ricas y pr\u00e1cticas a lo largo de cuatro d\u00edas lectivos. Las sesiones<br \/>\nte\u00f3ricas se impartir\u00e1n en los centros educativos participantes, en horario de<br \/>\n09.00 a 10.30 horas. Posteriormente, se llevar\u00e1n a cabo las sesiones pr\u00e1cticas<br \/>\nen el \u00e1mbito portuario y litoral, integradas en el horario lectivo del<br \/>\nprograma, de 09.30 a 12.30 horas.<\/p>\n<p>En la parte pr\u00e1ctica, la actividad de vela se desarrollar\u00e1 tanto<br \/>\nen embarcaciones individuales (Optimist) como en embarcaciones colectivas<br \/>\n(Raquero), mientras que el pirag\u00fcismo se realizar\u00e1 de forma colectiva en<br \/>\nkayucos o kayaks.<\/p>\n<p>Todas las actividades estar\u00e1n tuteladas por monitores titulados,<br \/>\ncontando adem\u00e1s con el apoyo y seguimiento desde embarcaciones neum\u00e1ticas, lo<br \/>\nque permite garantizar el control y la seguridad del alumnado durante el<br \/>\ndesarrollo de las sesiones.<\/p>\n<p>El consejero del \u00e1rea, Luis Gonz\u00e1lez, subray\u00f3 que \u201ca trav\u00e9s de la<br \/>\n\u2018Semana Azul\u2019 buscamos promover la actividad f\u00edsica, la convivencia, el<br \/>\ncontacto directo con el medio marino y la responsabilidad y la seguridad en el<br \/>\nmar, ya que es algo caracter\u00edstico de Fuerteventura\u201d.<\/p>\n<p>Desde la Consejer\u00eda de Deportes se agradece la colaboraci\u00f3n y el<br \/>\napoyo del Ayuntamiento de Tuineje, as\u00ed como del Club de Pesca Faro de la<br \/>\nEntallada, Puertos Canarios, la Autoridad Portuaria y la Capitan\u00eda Mar\u00edtima,<br \/>\ncuya coordinaci\u00f3n resulta fundamental para el correcto desarrollo del programa,<br \/>\nla log\u00edstica y la seguridad de todas las actividades.<\/p>\n<\/div>\n","protected":false},"excerpt":{"rendered":"<p>15 enero, 2026 En esta edici\u00f3n participar\u00e1n un millar escolares con el objetivo de conocer de primera mano la actividad deportiva en el mar El Cabildo de Fuerteventura, a trav\u00e9s [&hellip;]<\/p>\n","protected":false},"author":1,"featured_media":16220,"comment_status":"open","ping_status":"open","sticky":false,"template":"","format":"standard","meta":{"inline_featured_image":false,"jnews-multi-image_gallery":[],"jnews_single_post":[],"jnews_primary_category":[],"jnews_social_meta":[],"jnews_override_counter":[],"jnews_post_split":[],"footnotes":""},"categories":[58],"tags":[310,73,82,182],"class_list":["post-16218","post","type-post","status-publish","format-standard","has-post-thumbnail","hentry","category-cabildo","tag-deportes","tag-educacion","tag-fuerteventura","tag-seguridad"],"jetpack_featured_media_url":"https:\/\/informacionlocal.es\/wp-content\/uploads\/2026\/01\/1768475627-1c70ba262f83996aba3dcdcf1081b426.jpg","_links":{"self":[{"href":"https:\/\/informacionlocal.es\/de\/wp-json\/wp\/v2\/posts\/16218","targetHints":{"allow":["GET"]}}],"collection":[{"href":"https:\/\/informacionlocal.es\/de\/wp-json\/wp\/v2\/posts"}],"about":[{"href":"https:\/\/informacionlocal.es\/de\/wp-json\/wp\/v2\/types\/post"}],"author":[{"embeddable":true,"href":"https:\/\/informacionlocal.es\/de\/wp-json\/wp\/v2\/users\/1"}],"replies":[{"embeddable":true,"href":"https:\/\/informacionlocal.es\/de\/wp-json\/wp\/v2\/comments?post=16218"}],"version-history":[{"count":0,"href":"https:\/\/informacionlocal.es\/de\/wp-json\/wp\/v2\/posts\/16218\/revisions"}],"wp:featuredmedia":[{"embeddable":true,"href":"https:\/\/informacionlocal.es\/de\/wp-json\/wp\/v2\/media\/16220"}],"wp:attachment":[{"href":"https:\/\/informacionlocal.es\/de\/wp-json\/wp\/v2\/media?parent=16218"}],"wp:term":[{"taxonomy":"category","embeddable":true,"href":"https:\/\/informacionlocal.es\/de\/wp-json\/wp\/v2\/categories?post=16218"},{"taxonomy":"post_tag","embeddable":true,"href":"https:\/\/informacionlocal.es\/de\/wp-json\/wp\/v2\/tags?post=16218"}],"curies":[{"name":"wp","href":"https:\/\/api.w.org\/{rel}","templated":true}]}}