{"id":16206,"date":"2026-01-15T21:02:16","date_gmt":"2026-01-15T21:02:16","guid":{"rendered":"https:\/\/informacionlocal.es\/pajara-impulsa-la-ruta-de-miradores-urbanos-para-poner-en-valor-sus-pueblos\/"},"modified":"2026-01-15T21:02:16","modified_gmt":"2026-01-15T21:02:16","slug":"pajara-impulsa-la-ruta-de-miradores-urbanos-para-poner-en-valor-sus-pueblos","status":"publish","type":"post","link":"https:\/\/informacionlocal.es\/de\/pajara-impulsa-la-ruta-de-miradores-urbanos-para-poner-en-valor-sus-pueblos\/","title":{"rendered":"P\u00e1jara impulsa la ruta de miradores urbanos para poner en valor sus pueblos\u00a0"},"content":{"rendered":"<div class=\"entry-content\">\n<p><b><i>La iniciativa municipal incluye 13 puntos digitalizados para reforzar el embellecimiento del paisaje y diversificar la oferta tur\u00edstica del municipio<\/i><\/b><\/p>\n<p><span>El Ayuntamiento de P\u00e1jara impulsa la creaci\u00f3n de la Ruta de Miradores Urbanos, una iniciativa promovida por las Concejal\u00edas de Patrimonio y Turismo que tiene como objetivo poner en valor los paisajes urbanos del municipio y fomentar una mayor afluencia tanto de visitantes como de residentes.\u00a0<\/span><\/p>\n<p><span>El proyecto se enmarca dentro de la estrategia del actual grupo de gobierno orientada al embellecimiento paisaj\u00edstico y la mejora continua de las distintas localidades del municipio.\u00a0<\/span><\/p>\n<p><span>El alcalde de P\u00e1jara y titular de Patrimonio, Alejandro Jorge, destac\u00f3 que este trabajo ha permitido aprovechar las nuevas tecnolog\u00edas mediante la digitalizaci\u00f3n de m\u00e1s de 13 puntos del municipio, que se convertir\u00e1n en referentes tur\u00edsticos. \u201cEsperamos una importante afluencia de personas y que, de esta forma, se ponga en valor el turismo desde una perspectiva diferente. Queremos ir m\u00e1s all\u00e1 del sol, la playa, el clima o la gastronom\u00eda, ahora incorporamos el paisaje urbano como un elemento clave\u201d. Asimismo, record\u00f3 el \u00e9xito obtenido durante estas Navidades, cuando los pueblos del municipio recibieron un elevado n\u00famero de visitantes, \u201cahora lo pretendemos conseguir con esta nueva ruta\u201d.\u00a0<\/span><\/p>\n<p><span>La concejala de Turismo, Tina Da Silva, subray\u00f3 que \u201cel objetivo es que el turista que nos visita y el propio ciudadano del municipio y de la isla vivan la misma experiencia\u201d. En este sentido, a\u00f1adi\u00f3 que desde su \u00e1rea se \u201cimpulsar\u00e1n acciones de dinamizaci\u00f3n para hacer la ruta a\u00fan m\u00e1s atractiva y favorecer que sea cada vez m\u00e1s frecuentada\u201d.\u00a0<\/span><\/p>\n<p><span>Asimismo, resalt\u00f3 que \u201clos pueblos del municipio est\u00e1n siendo embellecidos a diario y de manera progresiva\u201d, y consider\u00f3 fundamental que este proyecto viera la luz, ya que \u201cjunto con otras rutas, contribuye a la protecci\u00f3n y puesta en valor de nuestro patrimonio\u201d.<\/span><\/p>\n<p><span>Para poder llevar a cabo esta ruta de miradores urbanos es necesario visitar la p\u00e1gina web <\/span><span>https:\/\/visitjandia.es\/<\/span><span> para obtener m\u00e1s informaci\u00f3n.\u00a0<\/span><\/p>\n<\/div>\n","protected":false},"excerpt":{"rendered":"<p><i>La iniciativa municipal incluye 13 puntos digitalizados para reforzar el embellecimiento del paisaje y diversificar la oferta tur\u00edstica del municipio<\/i><\/p>\n","protected":false},"author":1,"featured_media":16208,"comment_status":"open","ping_status":"open","sticky":false,"template":"","format":"standard","meta":{"inline_featured_image":false,"jnews-multi-image_gallery":[],"jnews_single_post":[],"jnews_primary_category":[],"jnews_social_meta":[],"jnews_override_counter":[],"jnews_post_split":[],"footnotes":""},"categories":[63],"tags":[],"class_list":["post-16206","post","type-post","status-publish","format-standard","has-post-thumbnail","hentry","category-pajara"],"jetpack_featured_media_url":"https:\/\/informacionlocal.es\/wp-content\/uploads\/2026\/01\/nofoto-1.png","_links":{"self":[{"href":"https:\/\/informacionlocal.es\/de\/wp-json\/wp\/v2\/posts\/16206","targetHints":{"allow":["GET"]}}],"collection":[{"href":"https:\/\/informacionlocal.es\/de\/wp-json\/wp\/v2\/posts"}],"about":[{"href":"https:\/\/informacionlocal.es\/de\/wp-json\/wp\/v2\/types\/post"}],"author":[{"embeddable":true,"href":"https:\/\/informacionlocal.es\/de\/wp-json\/wp\/v2\/users\/1"}],"replies":[{"embeddable":true,"href":"https:\/\/informacionlocal.es\/de\/wp-json\/wp\/v2\/comments?post=16206"}],"version-history":[{"count":0,"href":"https:\/\/informacionlocal.es\/de\/wp-json\/wp\/v2\/posts\/16206\/revisions"}],"wp:featuredmedia":[{"embeddable":true,"href":"https:\/\/informacionlocal.es\/de\/wp-json\/wp\/v2\/media\/16208"}],"wp:attachment":[{"href":"https:\/\/informacionlocal.es\/de\/wp-json\/wp\/v2\/media?parent=16206"}],"wp:term":[{"taxonomy":"category","embeddable":true,"href":"https:\/\/informacionlocal.es\/de\/wp-json\/wp\/v2\/categories?post=16206"},{"taxonomy":"post_tag","embeddable":true,"href":"https:\/\/informacionlocal.es\/de\/wp-json\/wp\/v2\/tags?post=16206"}],"curies":[{"name":"wp","href":"https:\/\/api.w.org\/{rel}","templated":true}]}}