{"id":16164,"date":"2026-01-15T13:00:09","date_gmt":"2026-01-15T13:00:09","guid":{"rendered":"https:\/\/informacionlocal.es\/la-oliva-presenta-la-programacion-comercial-2026-para-dinamizar-el-comercio-local-durante-todo-el-ano\/"},"modified":"2026-01-15T13:00:09","modified_gmt":"2026-01-15T13:00:09","slug":"la-oliva-presenta-la-programacion-comercial-2026-para-dinamizar-el-comercio-local-durante-todo-el-ano","status":"publish","type":"post","link":"https:\/\/informacionlocal.es\/de\/la-oliva-presenta-la-programacion-comercial-2026-para-dinamizar-el-comercio-local-durante-todo-el-ano\/","title":{"rendered":"La Oliva presenta la programaci\u00f3n comercial 2026 para dinamizar el comercio local durante todo el a\u00f1o"},"content":{"rendered":"<p>El Ayuntamiento de La Oliva, a trav\u00e9s de la Concejal\u00eda de Comercio, que dirige la concejala Alexandra Mart\u00edn, presenta la Programaci\u00f3n Comercial 2026, un calendario de acciones y eventos destinados a impulsar la actividad econ\u00f3mica local, apoyar al peque\u00f1o comercio y fomentar el consumo en los distintos n\u00facleos del municipio. <\/p>\n<p>La programaci\u00f3n arrancar\u00e1 con la Semana Canaria: \u00a1Enyesque Comercial!, que se celebrar\u00e1 del 27 al 29 de mayo en Corralejo, El Cotillo y La Oliva, una iniciativa que pondr\u00e1 en valor los productos locales, la gastronom\u00eda y la identidad canaria como motor de atracci\u00f3n comercial.<\/p>\n<p>Durante el mes de noviembre tendr\u00e1 lugar la III edici\u00f3n de \u201cLos Lajares de tapeo\u201d, los d\u00edas 6 y 7 de noviembre en la plaza p\u00fablica de Los Lajares, una cita ya consolidada que combina comercio, restauraci\u00f3n y ocio, convirti\u00e9ndose en un punto de encuentro para vecinos y visitantes.<\/p>\n<p>La programaci\u00f3n se cerrar\u00e1 con la Campa\u00f1a de Navidad: \u201cEl calendario comercial que brilla\u201d, que se desarrollar\u00e1 del 18 de diciembre al 5 de enero en Corralejo, La Oliva, El Cotillo y Los Lajares, con acciones especiales para incentivar las compras navide\u00f1as y dinamizar la actividad comercial en una de las \u00e9pocas m\u00e1s importantes del a\u00f1o.<\/p>\n<p>El alcalde de La Oliva, Isa\u00ed Blanco, destaca la necesidad de continuar generando actividad comercial en el municipio: \u201cEl objetivo es crear un ambiente comercial que invite a la dinamizaci\u00f3n del sector entre la ciudadan\u00eda, ya sean locales como visitantes de la Isla, con el fin de que puedan disfrutar de distintas actividades acorde a diferentes \u00e9pocas del a\u00f1o y que muestren de forma clara la identidad y costumbres de nuestro pueblo.\u201d<\/p>\n<p>Por su parte, la concejala de Comercio, Alexandra Mart\u00edn, subray\u00f3 la importancia de \u201cseguir apostando por pol\u00edticas activas de dinamizaci\u00f3n comercial que refuercen la econom\u00eda local, generen empleo y contribuyan a consolidar a La Oliva como un municipio vivo, atractivo y con una clara identidad comercial\u201d.<\/p>\n<p>Desde el Ayuntamiento de La Oliva se invita a la ciudadan\u00eda a participar y disfrutar de las distintas dinamizaciones comerciales y eventos previstos para 2026, reafirmando el compromiso municipal con el desarrollo econ\u00f3mico y el fortalecimiento del tejido comercial del municipio.<\/p>\n","protected":false},"excerpt":{"rendered":"<p><span>\u2018Semana Canaria: \u00a1Enyesque Comercial!\u2019 , tercera edici\u00f3n de \u2018Los Lajares de tapeo\u2019, y \u2018Campa\u00f1a de Navidad: El calendario comercial que brilla\u2019, son las apuestas claras del Consistorio para la dinamizaci\u00f3n comercial del municipio<\/span><\/p>\n","protected":false},"author":1,"featured_media":16166,"comment_status":"open","ping_status":"open","sticky":false,"template":"","format":"standard","meta":{"inline_featured_image":false,"jnews-multi-image_gallery":[],"jnews_single_post":[],"jnews_primary_category":[],"jnews_social_meta":[],"jnews_override_counter":[],"jnews_post_split":[],"footnotes":""},"categories":[62],"tags":[69],"class_list":["post-16164","post","type-post","status-publish","format-standard","has-post-thumbnail","hentry","category-la-oliva","tag-eventos"],"jetpack_featured_media_url":"https:\/\/informacionlocal.es\/wp-content\/uploads\/2026\/01\/5289_0c83db93.png","_links":{"self":[{"href":"https:\/\/informacionlocal.es\/de\/wp-json\/wp\/v2\/posts\/16164","targetHints":{"allow":["GET"]}}],"collection":[{"href":"https:\/\/informacionlocal.es\/de\/wp-json\/wp\/v2\/posts"}],"about":[{"href":"https:\/\/informacionlocal.es\/de\/wp-json\/wp\/v2\/types\/post"}],"author":[{"embeddable":true,"href":"https:\/\/informacionlocal.es\/de\/wp-json\/wp\/v2\/users\/1"}],"replies":[{"embeddable":true,"href":"https:\/\/informacionlocal.es\/de\/wp-json\/wp\/v2\/comments?post=16164"}],"version-history":[{"count":0,"href":"https:\/\/informacionlocal.es\/de\/wp-json\/wp\/v2\/posts\/16164\/revisions"}],"wp:featuredmedia":[{"embeddable":true,"href":"https:\/\/informacionlocal.es\/de\/wp-json\/wp\/v2\/media\/16166"}],"wp:attachment":[{"href":"https:\/\/informacionlocal.es\/de\/wp-json\/wp\/v2\/media?parent=16164"}],"wp:term":[{"taxonomy":"category","embeddable":true,"href":"https:\/\/informacionlocal.es\/de\/wp-json\/wp\/v2\/categories?post=16164"},{"taxonomy":"post_tag","embeddable":true,"href":"https:\/\/informacionlocal.es\/de\/wp-json\/wp\/v2\/tags?post=16164"}],"curies":[{"name":"wp","href":"https:\/\/api.w.org\/{rel}","templated":true}]}}