{"id":16146,"date":"2026-01-14T18:00:58","date_gmt":"2026-01-14T18:00:58","guid":{"rendered":"https:\/\/informacionlocal.es\/puerto-del-rosario-refuerza-el-mantenimiento-de-zonas-verdes-con-trabajos-de-poda-y-limpieza-en-distintos-puntos-del-municipio\/"},"modified":"2026-01-14T18:00:58","modified_gmt":"2026-01-14T18:00:58","slug":"puerto-del-rosario-refuerza-el-mantenimiento-de-zonas-verdes-con-trabajos-de-poda-y-limpieza-en-distintos-puntos-del-municipio","status":"publish","type":"post","link":"https:\/\/informacionlocal.es\/de\/puerto-del-rosario-refuerza-el-mantenimiento-de-zonas-verdes-con-trabajos-de-poda-y-limpieza-en-distintos-puntos-del-municipio\/","title":{"rendered":"Puerto del Rosario refuerza el mantenimiento de zonas verdes con trabajos de poda y limpieza en distintos puntos del municipio"},"content":{"rendered":"<div class=\"entry-content\">\n<ul>\n<li><span><strong>Las actuaciones se desarrollan en la mediana del Centro Comercial, la FV-1, la parcela R2 de El Charco y la Plaza de Radio Ecca, mejorando la imagen urbana y la seguridad de los espacios p\u00fablicos.<\/strong><\/span><\/li>\n<\/ul>\n<p><span><strong>\u00a0<\/strong><\/span><span><strong>En Puerto del Rosario, a 14 de enero de 2026.-<\/strong> El Ayuntamiento de Puerto del Rosario contin\u00faa desarrollando trabajos de mantenimiento y cuidado de las zonas verdes del municipio, centrados en la poda de palmeras y la limpieza de malas hierbas en diferentes enclaves estrat\u00e9gicos de la capital.<\/span><\/p>\n<p><span>En estos d\u00edas se est\u00e1 actuando en la mediana situada junto al Centro Comercial, donde se procede a la poda de palmeras para garantizar su correcto desarrollo y mejorar la visibilidad y la seguridad del entorno. Estas mismas labores se est\u00e1n llevando a cabo en el tramo de la FV-1 de los jardines del pol\u00edgono industrial de La Hondura, una v\u00eda especialmente transitada, donde el estado de la vegetaci\u00f3n requiere una atenci\u00f3n peri\u00f3dica y planificada.<\/span><\/p>\n<p><img loading=\"lazy\" decoding=\"async\" loading=\"lazy\" class=\"size-large wp-image-158125 aligncenter\" src=\"https:\/\/informacionlocal.es\/wp-content\/uploads\/2026\/01\/jardines-1-1024x768-1.jpeg\" width=\"1024\" height=\"768\" title=\"jardines-1-1024x768-1\"><\/p>\n<p><span>Adem\u00e1s, los operarios municipales est\u00e1n realizando trabajos de limpieza de malas hierbas en la parcela R2 de El Charco, una intervenci\u00f3n necesaria para mantener el espacio en condiciones adecuadas, prevenir la proliferaci\u00f3n descontrolada de vegetaci\u00f3n y mejorar la imagen de esta zona del municipio.<\/span><\/p>\n<p><span>Por \u00faltimo, las tareas de poda se extienden tambi\u00e9n a la Plaza de Radio Ecca, ubicada en la Avenida Mar\u00edtima, uno de los espacios m\u00e1s concurridos por vecinos y visitantes, donde se busca conservar el arbolado en buen estado y hacer m\u00e1s agradable el paseo y la estancia.<\/span><\/p>\n<p><img loading=\"lazy\" decoding=\"async\" loading=\"lazy\" class=\"size-large wp-image-158126 aligncenter\" src=\"https:\/\/informacionlocal.es\/wp-content\/uploads\/2026\/01\/jardines-4-1024x768-1.jpeg\" width=\"1024\" height=\"768\" title=\"jardines-4-1024x768-1\"><\/p>\n<p><span>El alcalde de Puerto del Rosario, David de Vera, subray\u00f3 que \u201ceste tipo de actuaciones son fundamentales para el d\u00eda a d\u00eda del municipio. Cuidar nuestras zonas verdes es cuidar la imagen de la ciudad, pero tambi\u00e9n la seguridad y el bienestar de quienes las utilizan a diario\u201d.<\/span><\/p>\n<p><span>Por su parte, la concejala de Parques y Zonas Verdes, \u00c9rica Gonz\u00e1lez, se\u00f1al\u00f3 que \u201cel mantenimiento de la vegetaci\u00f3n requiere constancia y planificaci\u00f3n. Estamos interviniendo en distintos puntos del municipio atendiendo a las necesidades de cada zona, con el objetivo de mantener los espacios p\u00fablicos en buen estado\u201d.<\/span><\/p>\n<p><img loading=\"lazy\" decoding=\"async\" loading=\"lazy\" class=\"size-large wp-image-158127 aligncenter\" src=\"https:\/\/informacionlocal.es\/wp-content\/uploads\/2026\/01\/jardines-5-1024x768-1.jpeg\" width=\"1024\" height=\"768\" title=\"jardines-5-1024x768-1\"><\/p>\n<p><span>Estos trabajos forman parte de las labores habituales de conservaci\u00f3n y mejora del entorno urbano, que se ir\u00e1n desarrollando progresivamente en otros barrios y espacios p\u00fablicos del municipio.<\/span><\/p>\n<\/div>\n","protected":false},"excerpt":{"rendered":"<p>Las actuaciones se desarrollan en la mediana del Centro Comercial, la FV-1, la parcela R2 de El Charco y la Plaza de Radio Ecca, mejorando la imagen urbana y la [&hellip;]<\/p>\n","protected":false},"author":1,"featured_media":16148,"comment_status":"open","ping_status":"open","sticky":false,"template":"","format":"standard","meta":{"inline_featured_image":false,"jnews-multi-image_gallery":[],"jnews_single_post":[],"jnews_primary_category":[],"jnews_social_meta":[],"jnews_override_counter":[],"jnews_post_split":[],"footnotes":""},"categories":[61],"tags":[],"class_list":["post-16146","post","type-post","status-publish","format-standard","has-post-thumbnail","hentry","category-puerto-del-rosario"],"jetpack_featured_media_url":"https:\/\/informacionlocal.es\/wp-content\/uploads\/2026\/01\/zonas-verdes.png","_links":{"self":[{"href":"https:\/\/informacionlocal.es\/de\/wp-json\/wp\/v2\/posts\/16146","targetHints":{"allow":["GET"]}}],"collection":[{"href":"https:\/\/informacionlocal.es\/de\/wp-json\/wp\/v2\/posts"}],"about":[{"href":"https:\/\/informacionlocal.es\/de\/wp-json\/wp\/v2\/types\/post"}],"author":[{"embeddable":true,"href":"https:\/\/informacionlocal.es\/de\/wp-json\/wp\/v2\/users\/1"}],"replies":[{"embeddable":true,"href":"https:\/\/informacionlocal.es\/de\/wp-json\/wp\/v2\/comments?post=16146"}],"version-history":[{"count":0,"href":"https:\/\/informacionlocal.es\/de\/wp-json\/wp\/v2\/posts\/16146\/revisions"}],"wp:featuredmedia":[{"embeddable":true,"href":"https:\/\/informacionlocal.es\/de\/wp-json\/wp\/v2\/media\/16148"}],"wp:attachment":[{"href":"https:\/\/informacionlocal.es\/de\/wp-json\/wp\/v2\/media?parent=16146"}],"wp:term":[{"taxonomy":"category","embeddable":true,"href":"https:\/\/informacionlocal.es\/de\/wp-json\/wp\/v2\/categories?post=16146"},{"taxonomy":"post_tag","embeddable":true,"href":"https:\/\/informacionlocal.es\/de\/wp-json\/wp\/v2\/tags?post=16146"}],"curies":[{"name":"wp","href":"https:\/\/api.w.org\/{rel}","templated":true}]}}