{"id":16098,"date":"2026-01-14T10:00:50","date_gmt":"2026-01-14T10:00:50","guid":{"rendered":"https:\/\/informacionlocal.es\/pajara-celebra-los-exitos-nacionales-de-sus-deportistas-en-la-copa-de-espana-y-el-campeonato-de-espana-de-balonmano\/"},"modified":"2026-01-14T10:00:50","modified_gmt":"2026-01-14T10:00:50","slug":"pajara-celebra-los-exitos-nacionales-de-sus-deportistas-en-la-copa-de-espana-y-el-campeonato-de-espana-de-balonmano","status":"publish","type":"post","link":"https:\/\/informacionlocal.es\/de\/pajara-celebra-los-exitos-nacionales-de-sus-deportistas-en-la-copa-de-espana-y-el-campeonato-de-espana-de-balonmano\/","title":{"rendered":"P\u00e1jara celebra los \u00e9xitos nacionales de sus deportistas en la Copa de Espa\u00f1a y el Campeonato de Espa\u00f1a de Balonmano\u00a0"},"content":{"rendered":"<div class=\"entry-content\">\n<p><span>El Ayuntamiento de P\u00e1jara felicita a los y las deportistas y cuerpo t\u00e9cnico del municipio que han formado parte de la Selecci\u00f3n Canaria en las distintas categor\u00edas de la Copa de Espa\u00f1a y el Campeonato de Espa\u00f1a de Selecciones Auton\u00f3micas, destacando de manera especial los t\u00edtulos nacionales conseguidos en categor\u00eda infantil.\u00a0<\/span><\/p>\n<p><span>En este sentido, los mayores logros se dieron en la categor\u00eda infantil, con la Selecci\u00f3n Canaria Infantil Masculina, proclamada campeona de la Copa de Espa\u00f1a, as\u00ed como a la Selecci\u00f3n Canaria Infantil Femenina, que logr\u00f3 el t\u00edtulo de campeona del Campeonato de Espa\u00f1a. En estos \u00e9xitos participaron los jugadores del municipio Aitor Castro (Bm. Morro Jable V.C), \u00c1lvaro Gil y Gregory Gri\u00f1\u00f3n (C.D. Atl\u00e9tico P\u00e1jara), as\u00ed como las jugadoras Daniel Ventura, Gara Siera, Itahisa P\u00e9rez y Valentina Hern\u00e1ndez, junto al cuerpo t\u00e9cnico formado por Manolo Alba, como seleccionador, e Iria Rodr\u00edguez, fisioterapeuta, del Bm. Morro Jable V.C.\u00a0<\/span><\/p>\n<p><span>Asimismo, la Selecci\u00f3n Canaria Juvenil Femenina logr\u00f3 el t\u00edtulo de subcampeona de la Copa de Espa\u00f1a, contando con las jugadoras del municipio Marbelys Reyes, Ogheneyoma Orhonigbe, Daniela Fern\u00e1ndez (Bm. Morro Jable V.C) y Yasm\u00edn Fernandes (Bm. Zonzamas). Por su parte, la Selecci\u00f3n Canaria Juvenil Masculina finaliz\u00f3 en decimosexta posici\u00f3n en la Copa de Espa\u00f1a, con la presencia del jugador del municipio Manuel Carmona (C.D Ciudad de Puerto).\u00a0<\/span><\/p>\n<p><img fetchpriority=\"high\" decoding=\"async\" class=\"alignnone wp-image-21430 size-medium\" src=\"https:\/\/informacionlocal.es\/wp-content\/uploads\/2026\/01\/iria-rodriguez-fisioterapeuta-168x300-1.png\" alt=\"Iria Rodr\u00edguez (fisioterapeuta)\" width=\"168\" height=\"300\" title=\"iria-rodriguez-fisioterapeuta-168x300-1\"><img decoding=\"async\" class=\"alignnone wp-image-21431 size-medium\" src=\"https:\/\/informacionlocal.es\/wp-content\/uploads\/2026\/01\/alvaro-gil-y-gregory-grinon-campeones-infantil-135x300-1.jpeg\" alt=\"Gregory Gri\u00f1\u00f3n y \u00c1lvaro Gil (campeones infantil)\" width=\"135\" height=\"300\" title=\"alvaro-gil-y-gregory-grinon-campeones-infantil-135x300-1\"><img decoding=\"async\" class=\"alignnone wp-image-21432 size-medium\" src=\"https:\/\/informacionlocal.es\/wp-content\/uploads\/2026\/01\/yasmin-fernandes-subcampeona-juvenil-225x300-1.jpeg\" alt=\"Yasm\u00edn Fernandes (subcampeona juvenil)\" width=\"225\" height=\"300\" title=\"yasmin-fernandes-subcampeona-juvenil-225x300-1\"><img loading=\"lazy\" decoding=\"async\" loading=\"lazy\" class=\"alignnone wp-image-21433 size-medium\" src=\"https:\/\/informacionlocal.es\/wp-content\/uploads\/2026\/01\/aitor-castro-campeon-infantil-273x300-1.jpeg\" alt=\"Aitor Castro (campe\u00f3n infantil)\" width=\"273\" height=\"300\" title=\"aitor-castro-campeon-infantil-273x300-1\"><img loading=\"lazy\" decoding=\"async\" loading=\"lazy\" class=\"alignnone wp-image-21434 size-medium\" src=\"https:\/\/informacionlocal.es\/wp-content\/uploads\/2026\/01\/manuel-carmona-juvenil-220x300-1.jpg\" alt=\"Manuel Carmona (juvenil)\" width=\"220\" height=\"300\" title=\"manuel-carmona-juvenil-220x300-1\"><img loading=\"lazy\" decoding=\"async\" loading=\"lazy\" class=\"alignnone wp-image-21435 size-medium\" src=\"https:\/\/informacionlocal.es\/wp-content\/uploads\/2026\/01\/marbelys-reyes-daniela-fernandez-ogheneyoma-orhonigbe-subcampeonas-juvenil-300x225-1.jpg\" alt=\"Marbelys Reyes, Daniela Fern\u00e1ndez y Ogheneyoma Orhonigbe (subcampeona juvenil)\" width=\"300\" height=\"225\" title=\"marbelys-reyes-daniela-fernandez-ogheneyoma-orhonigbe-subcampeonas-juvenil-300x225-1\"><\/p>\n<\/div>\n","protected":false},"excerpt":{"rendered":"<p>El Ayuntamiento de P\u00e1jara felicita a los y las deportistas y cuerpo t\u00e9cnico del municipio que han formado parte de la Selecci\u00f3n Canaria en las distintas categor\u00edas de la Copa [&hellip;]<\/p>\n","protected":false},"author":1,"featured_media":16100,"comment_status":"open","ping_status":"open","sticky":false,"template":"","format":"standard","meta":{"inline_featured_image":false,"jnews-multi-image_gallery":[],"jnews_single_post":[],"jnews_primary_category":[],"jnews_social_meta":[],"jnews_override_counter":[],"jnews_post_split":[],"footnotes":""},"categories":[63],"tags":[],"class_list":["post-16098","post","type-post","status-publish","format-standard","has-post-thumbnail","hentry","category-pajara"],"jetpack_featured_media_url":"https:\/\/informacionlocal.es\/wp-content\/uploads\/2026\/01\/daniela-ventura-ithaisa-perez-manolo-alba-valentina-hernandez-y-gara-sieira-campeonas-infantil-e1768383080111.jpeg","_links":{"self":[{"href":"https:\/\/informacionlocal.es\/de\/wp-json\/wp\/v2\/posts\/16098","targetHints":{"allow":["GET"]}}],"collection":[{"href":"https:\/\/informacionlocal.es\/de\/wp-json\/wp\/v2\/posts"}],"about":[{"href":"https:\/\/informacionlocal.es\/de\/wp-json\/wp\/v2\/types\/post"}],"author":[{"embeddable":true,"href":"https:\/\/informacionlocal.es\/de\/wp-json\/wp\/v2\/users\/1"}],"replies":[{"embeddable":true,"href":"https:\/\/informacionlocal.es\/de\/wp-json\/wp\/v2\/comments?post=16098"}],"version-history":[{"count":0,"href":"https:\/\/informacionlocal.es\/de\/wp-json\/wp\/v2\/posts\/16098\/revisions"}],"wp:featuredmedia":[{"embeddable":true,"href":"https:\/\/informacionlocal.es\/de\/wp-json\/wp\/v2\/media\/16100"}],"wp:attachment":[{"href":"https:\/\/informacionlocal.es\/de\/wp-json\/wp\/v2\/media?parent=16098"}],"wp:term":[{"taxonomy":"category","embeddable":true,"href":"https:\/\/informacionlocal.es\/de\/wp-json\/wp\/v2\/categories?post=16098"},{"taxonomy":"post_tag","embeddable":true,"href":"https:\/\/informacionlocal.es\/de\/wp-json\/wp\/v2\/tags?post=16098"}],"curies":[{"name":"wp","href":"https:\/\/api.w.org\/{rel}","templated":true}]}}