{"id":16086,"date":"2026-01-13T17:01:22","date_gmt":"2026-01-13T17:01:22","guid":{"rendered":"https:\/\/informacionlocal.es\/el-cabildo-mejora-el-tratamiento-de-los-residuos-con-la-culminacion-de-la-celda-4-en-zurita\/"},"modified":"2026-01-13T17:01:22","modified_gmt":"2026-01-13T17:01:22","slug":"el-cabildo-mejora-el-tratamiento-de-los-residuos-con-la-culminacion-de-la-celda-4-en-zurita","status":"publish","type":"post","link":"https:\/\/informacionlocal.es\/de\/el-cabildo-mejora-el-tratamiento-de-los-residuos-con-la-culminacion-de-la-celda-4-en-zurita\/","title":{"rendered":"El Cabildo mejora el tratamiento de los residuos con la culminaci\u00f3n de la celda 4 en Zurita"},"content":{"rendered":"<div class=\"entry-content\"><strong>13 enero, 2026<\/strong><\/p>\n<p><strong><em>La nueva infraestructura refuerza el tratamiento de residuos en la<br \/>\nIsla con una inversi\u00f3n de 3,2 millones de euros con fondos propios<\/em><\/strong><\/p>\n<p>El Cabildo de Fuerteventura, a trav\u00e9s de la Consejer\u00eda de<br \/>\nResiduos, ha finalizado las obras de la celda n\u00famero 4 del Complejo Ambiental<br \/>\nde Zurita. Con una inversi\u00f3n de 3,2 millones de euros de fondos propios de la<br \/>\nCorporaci\u00f3n insular, la celda 4 ha sido habilitada para su puesta en<br \/>\nfuncionamiento, mejorando el tratamiento de los residuos a nivel insular y<br \/>\naumentando el volumen de Zurita en m\u00e1s de un mill\u00f3n de metros c\u00fabicos.<\/p>\n<p>Seg\u00fan ha indicado la presidenta del Cabildo de Fuerteventura, Lola<br \/>\nGarc\u00eda, \u201cla gesti\u00f3n de los residuos supone uno de los grandes retos insulares,<br \/>\npor lo que constituye uno de las prioridades de trabajo para esta Corporaci\u00f3n<br \/>\ninsular\u201d. Como resultado de las diferentes acciones impulsadas por el Cabildo,<br \/>\n\u201cFuerteventura es la isla que m\u00e1s crece en reciclaje. Una tendencia que se ha<br \/>\nconfirmado tambi\u00e9n en 2025, dejando de estar a la cola en este \u00e1mbito e,<br \/>\nincluso, encabezando algunas fracciones como el vidrio\u201d.<\/p>\n<p>Al mismo tiempo, se\u00f1al\u00f3 Garc\u00eda, trabajamos para mejorar las<br \/>\ndiferentes infraestructuras. Una vez finalizada la celda 4, \u201cseguimos<br \/>\ntrabajando con 7,42 millones de euros contemplados en el presupuesto de 2026<br \/>\npara hacer frente a los grandes retos en materia de residuos, con proyectos tan<br \/>\nimportantes como la celda de inertes (residuos construcci\u00f3n y demolici\u00f3n),<br \/>\ncuyas obras est\u00e1n planificadas para este mismo a\u00f1o. Ya est\u00e1n en contrataci\u00f3n,<br \/>\nasimismo, las obras de adecuaci\u00f3n y urbanizaci\u00f3n de Zurita, estas \u00faltimas con<br \/>\nuna inversi\u00f3n en torno a los 3 millones de euros\u201d.<\/p>\n<p>Por su parte, el consejero de Residuos, Enrique P\u00e9rez, destac\u00f3 la<br \/>\ncelda 4 como una de las principales actuaciones incluidas en el Plan Insular de<br \/>\nResiduos. \u201cHoy inauguramos una nueva celda de vertido, al tiempo que seguimos<br \/>\navanzando hacia modelos m\u00e1s sostenibles basados en la reducci\u00f3n, reutilizaci\u00f3n<br \/>\ny reciclaje\u201d, apunt\u00f3 el consejero insular. Mientras esta transici\u00f3n se<br \/>\nconsolida, \u201clas infraestructuras como la celda 4 son necesarias para garantizar<br \/>\nuna gesti\u00f3n segura, controlada y ambientalmente responsable de los residuos que<br \/>\nse generan\u201d.<\/p>\n<p>La celda n\u00famero 3 estaba llegando al final de su vida \u00fatil, por lo<br \/>\nque era fundamental la construcci\u00f3n y puesta en funcionamiento de esta nueva<br \/>\ncelda, que va a permitir ampliar el volumen en m\u00e1s de un mill\u00f3n de metros<br \/>\nc\u00fabicos de capacidad y que cuenta con sistema de control de lixiviados,<br \/>\nreducci\u00f3n de gases e impermeabilizaci\u00f3n. <\/p>\n<p>La nueva celda cumple con la normativa vigente y refuerza el<br \/>\ncompromiso del Cabildo con la protecci\u00f3n del medio ambiente, la salud p\u00fablica y<br \/>\nla mejora continua de los servicios p\u00fablicos. \u201cEl objetivo es alargar su vida<br \/>\n\u00fatil y, mientras tanto, seguir priorizando y trabajando en alternativas con<br \/>\nnuevas inversiones para seguir incrementando el reciclaje\u201d. \u201cAqu\u00ed son<br \/>\nfundamentales las obras de la Planta de Compostaje y Clasificaci\u00f3n de Zurita.<br \/>\nHemos arrancado el compromiso del Gobierno de Canarias de retomarlas y ser\u00e1n<br \/>\nimprescindibles para evitar en torno a un 20-30% de los residuos que ahora<br \/>\nmismo vienen a celda, y se dar\u00e1 salida a otro 20%\u00c7 de residuos de materia<br \/>\norg\u00e1nica\u201d, a\u00f1adi\u00f3 P\u00e9rez.<\/p>\n<p>\u201cHemos mejorado tambi\u00e9n las plantas de transferencia para<br \/>\nadaptarlas al quinto contenedor, y seguiremos optimizando las infraestructuras<br \/>\nexistentes, reforzando la sostenibilidad ambiental en el territorio insular,<br \/>\ncontribuyendo a una gesti\u00f3n m\u00e1s responsable y eficaz de los residuos\u201d, concluy\u00f3<br \/>\nEnrique P\u00e9rez.<\/p>\n<\/div>\n","protected":false},"excerpt":{"rendered":"<p>13 enero, 2026 La nueva infraestructura refuerza el tratamiento de residuos en la Isla con una inversi\u00f3n de 3,2 millones de euros con fondos propios El Cabildo de Fuerteventura, a [&hellip;]<\/p>\n","protected":false},"author":1,"featured_media":16088,"comment_status":"open","ping_status":"open","sticky":false,"template":"","format":"standard","meta":{"inline_featured_image":false,"jnews-multi-image_gallery":[],"jnews_single_post":[],"jnews_primary_category":[],"jnews_social_meta":[],"jnews_override_counter":[],"jnews_post_split":[],"footnotes":""},"categories":[58],"tags":[82,76,66],"class_list":["post-16086","post","type-post","status-publish","format-standard","has-post-thumbnail","hentry","category-cabildo","tag-fuerteventura","tag-medio-ambiente","tag-servicios-publicos"],"jetpack_featured_media_url":"https:\/\/informacionlocal.es\/wp-content\/uploads\/2026\/01\/zurita-4.jpeg","_links":{"self":[{"href":"https:\/\/informacionlocal.es\/de\/wp-json\/wp\/v2\/posts\/16086","targetHints":{"allow":["GET"]}}],"collection":[{"href":"https:\/\/informacionlocal.es\/de\/wp-json\/wp\/v2\/posts"}],"about":[{"href":"https:\/\/informacionlocal.es\/de\/wp-json\/wp\/v2\/types\/post"}],"author":[{"embeddable":true,"href":"https:\/\/informacionlocal.es\/de\/wp-json\/wp\/v2\/users\/1"}],"replies":[{"embeddable":true,"href":"https:\/\/informacionlocal.es\/de\/wp-json\/wp\/v2\/comments?post=16086"}],"version-history":[{"count":0,"href":"https:\/\/informacionlocal.es\/de\/wp-json\/wp\/v2\/posts\/16086\/revisions"}],"wp:featuredmedia":[{"embeddable":true,"href":"https:\/\/informacionlocal.es\/de\/wp-json\/wp\/v2\/media\/16088"}],"wp:attachment":[{"href":"https:\/\/informacionlocal.es\/de\/wp-json\/wp\/v2\/media?parent=16086"}],"wp:term":[{"taxonomy":"category","embeddable":true,"href":"https:\/\/informacionlocal.es\/de\/wp-json\/wp\/v2\/categories?post=16086"},{"taxonomy":"post_tag","embeddable":true,"href":"https:\/\/informacionlocal.es\/de\/wp-json\/wp\/v2\/tags?post=16086"}],"curies":[{"name":"wp","href":"https:\/\/api.w.org\/{rel}","templated":true}]}}