{"id":16042,"date":"2026-01-12T13:00:07","date_gmt":"2026-01-12T13:00:07","guid":{"rendered":"https:\/\/informacionlocal.es\/el-cabildo-licita-el-servicio-de-mantenimiento-integral-de-sus-instalaciones-deportivas\/"},"modified":"2026-01-12T13:00:07","modified_gmt":"2026-01-12T13:00:07","slug":"el-cabildo-licita-el-servicio-de-mantenimiento-integral-de-sus-instalaciones-deportivas","status":"publish","type":"post","link":"https:\/\/informacionlocal.es\/de\/el-cabildo-licita-el-servicio-de-mantenimiento-integral-de-sus-instalaciones-deportivas\/","title":{"rendered":"El Cabildo licita el servicio de mantenimiento integral de sus instalaciones deportivas \ufeff"},"content":{"rendered":"<div class=\"entry-content\"><strong>12 enero, 2026<\/strong><\/p>\n<p><strong><em>El plazo de presentaci\u00f3n de ofertas est\u00e1 abierto hasta el 9 de<br \/>\nfebrero y el valor estimado del contrato es de 383.443,84 euros<\/em><\/strong><\/p>\n<p>El Cabildo, a trav\u00e9s de la Consejer\u00eda de Deportes, ha sacado a<br \/>\nlicitaci\u00f3n el servicio de mantenimiento integral de sus instalaciones<br \/>\ndeportivas. El objetivo del contrato, con un valor estimado de 383.443 euros,<br \/>\nes garantizar la conservaci\u00f3n y uso de los equipos, elementos, maquinaria,<br \/>\nmateriales, jardines, instalaciones y edificaciones en general ubicados en las<br \/>\ninstalaciones deportivas gestionadas por el servicio de Deportes del Cabildo en<br \/>\nPuerto del Rosario, asegurando una pr\u00e1ctica deportiva segura y de calidad.<\/p>\n<p>Este servicio facilitar\u00e1 el \u00f3ptimo rendimiento de las<br \/>\ninstalaciones, minimizando las posibles aver\u00edas, siendo necesario para el<br \/>\nnormal funcionamiento de las actividades que se desarrollen en las<br \/>\ninstalaciones como: Centro Insular Francisco Meli\u00e1n, Polideportivo Insular<br \/>\nCabildo de Fuerteventura, Centro N\u00e1utico Insular, Circuito de Motocross Isla de<br \/>\nFuerteventura, as\u00ed como oficinas, salas y espacios de gesti\u00f3n deportiva.<\/p>\n<p>El consejero de Deportes, Luis Gonz\u00e1lez, destaca que esta<br \/>\nlicitaci\u00f3n es necesaria debido al aumento del uso de las instalaciones, tanto<br \/>\npara actividades deportivas como culturales y eventos puntuales, lo que hace<br \/>\nimprescindible una actuaci\u00f3n m\u00e1s eficaz para proteger las infraestructuras y<br \/>\ngarantizar la seguridad de sus usuarios y usuarias.<\/p>\n<p>El plazo para la presentaci\u00f3n de solicitudes estar\u00e1 abierto hasta<br \/>\nel 9 de febrero, pudiendo consultarse toda la informaci\u00f3n en\u00a0 https:\/\/sede.cabildofuer.es\/eAdmin\/PerfilContratante.do?action=verPublicacion&amp;identif=C4084D0DC1882E49<\/p>\n<p>Para m\u00e1s informaci\u00f3n, las personas interesadas pueden contactar<br \/>\ncon el Servicio de Contrataci\u00f3n a trav\u00e9s del correo electr\u00f3nico<br \/>\ncontratacion@cabildofuer.es o del tel\u00e9fono 928 862 300. <\/p>\n<\/div>\n","protected":false},"excerpt":{"rendered":"<p>12 enero, 2026 El plazo de presentaci\u00f3n de ofertas est\u00e1 abierto hasta el 9 de febrero y el valor estimado del contrato es de 383.443,84 euros El Cabildo, a trav\u00e9s [&hellip;]<\/p>\n","protected":false},"author":1,"featured_media":16044,"comment_status":"open","ping_status":"open","sticky":false,"template":"","format":"standard","meta":{"inline_featured_image":false,"jnews-multi-image_gallery":[],"jnews_single_post":[],"jnews_primary_category":[],"jnews_social_meta":[],"jnews_override_counter":[],"jnews_post_split":[],"footnotes":""},"categories":[58],"tags":[69,82],"class_list":["post-16042","post","type-post","status-publish","format-standard","has-post-thumbnail","hentry","category-cabildo","tag-eventos","tag-fuerteventura"],"jetpack_featured_media_url":"https:\/\/informacionlocal.es\/wp-content\/uploads\/2026\/01\/deportes-2.jpeg","_links":{"self":[{"href":"https:\/\/informacionlocal.es\/de\/wp-json\/wp\/v2\/posts\/16042","targetHints":{"allow":["GET"]}}],"collection":[{"href":"https:\/\/informacionlocal.es\/de\/wp-json\/wp\/v2\/posts"}],"about":[{"href":"https:\/\/informacionlocal.es\/de\/wp-json\/wp\/v2\/types\/post"}],"author":[{"embeddable":true,"href":"https:\/\/informacionlocal.es\/de\/wp-json\/wp\/v2\/users\/1"}],"replies":[{"embeddable":true,"href":"https:\/\/informacionlocal.es\/de\/wp-json\/wp\/v2\/comments?post=16042"}],"version-history":[{"count":0,"href":"https:\/\/informacionlocal.es\/de\/wp-json\/wp\/v2\/posts\/16042\/revisions"}],"wp:featuredmedia":[{"embeddable":true,"href":"https:\/\/informacionlocal.es\/de\/wp-json\/wp\/v2\/media\/16044"}],"wp:attachment":[{"href":"https:\/\/informacionlocal.es\/de\/wp-json\/wp\/v2\/media?parent=16042"}],"wp:term":[{"taxonomy":"category","embeddable":true,"href":"https:\/\/informacionlocal.es\/de\/wp-json\/wp\/v2\/categories?post=16042"},{"taxonomy":"post_tag","embeddable":true,"href":"https:\/\/informacionlocal.es\/de\/wp-json\/wp\/v2\/tags?post=16042"}],"curies":[{"name":"wp","href":"https:\/\/api.w.org\/{rel}","templated":true}]}}