{"id":16012,"date":"2026-01-09T17:01:33","date_gmt":"2026-01-09T17:01:33","guid":{"rendered":"https:\/\/informacionlocal.es\/la-oliva-continua-con-la-mejora-integral-de-la-seguridad-a-traves-de-la-adquisicion-de-nuevos-vehiculos-de-la-policia-local\/"},"modified":"2026-01-09T17:01:33","modified_gmt":"2026-01-09T17:01:33","slug":"la-oliva-continua-con-la-mejora-integral-de-la-seguridad-a-traves-de-la-adquisicion-de-nuevos-vehiculos-de-la-policia-local","status":"publish","type":"post","link":"https:\/\/informacionlocal.es\/de\/la-oliva-continua-con-la-mejora-integral-de-la-seguridad-a-traves-de-la-adquisicion-de-nuevos-vehiculos-de-la-policia-local\/","title":{"rendered":"La Oliva contin\u00faa con la mejora integral de la seguridad a trav\u00e9s de la adquisici\u00f3n de nuevos veh\u00edculos de la Polic\u00eda Local"},"content":{"rendered":"<p>Contin\u00faa la mejora de la seguridad en el municipio de La Oliva. El Ayuntamiento, a trav\u00e9s de la Concejal\u00eda de Seguridad Ciudadana, con el propio alcalde al frente, Isa\u00ed Blanco, presenta cuatro nuevos coches y 3 nuevas motos destinadas a las labores diarias de la Polic\u00eda Local. Una actuaci\u00f3n que refuerza el compromiso del Consistorio con Seguridad y Emergencias y que, supone un paso m\u00e1s, en la mejora integral de la protecci\u00f3n de locales y visitantes.<\/p>\n<p>Desde comienzo de legislatura, el gobierno local ha apostado por la renovaci\u00f3n en materia de Seguridad, implementando no solo mejoras materiales significativas como los nuevos coches, motos, c\u00e1maras de videovigilancia o la unidad de drones, sino que, tambi\u00e9n ha puesto el acento en el incremento del personal de la Polic\u00eda Local. As\u00ed pues, se ha pasando de 31 agentes existentes en el comienzo del mandato a 48 efectivos en activo y, se busca alcanzar los 60 agentes antes de mayo del 2027. A ello se suma la recuperaci\u00f3n de la Unidad de Medio Ambiente (UMA) y la creaci\u00f3n de la unidad canina, que sirven como refuerzo de los recursos existentes. <\/p>\n<p>Los cuatro nuevos coches se encuentran equipados con tablets e impresoras para que la polic\u00eda pueda realizar gran parte del trabajo policial en la calle. C\u00e1maras incorporadas y kit de detenidos son algunas de las novedades de estos veh\u00edculos que facilitan el servicio de los agentes. Por otro lado, las tres nuevas motos, adquiridas gracias a los fondos europeos Next Generation EU son de uso mixto, para tierra y asfalto adem\u00e1s de ser 100% el\u00e9ctricas. <\/p>\n<p>El alcalde de La Oliva, Isa\u00ed Blanco, destaca la voluntad del gobierno local: \u201cDesde el minuto uno hemos tenido claro que la mejora de la calidad de vida y servicios del municipio pasa por un equipo de Seguridad y Emergencias reforzado. Esta premisa es la que nos ha impulsado a incorporar novedades en este \u00e1rea, con nuevas apuestas no solo a nivel material, sino tambi\u00e9n personal, algo que facilita el trabajo de los agentes de polic\u00eda y supone, sin duda, un cambio radical en Seguridad.\u201d <\/p>\n<p>El concejal de Econom\u00eda y Hacienda, Juan Jos\u00e9 Rodr\u00edguez, explica el trabajo desempe\u00f1ado por la Oficina de Fondos Europeos para la obtenci\u00f3n de los fondos para la adquisici\u00f3n de las motos: \u201cSi bien es cierto que los coches se adquieren a trav\u00e9s de fondos propios de la Administraci\u00f3n, las motos que mejorar\u00e1n la atenci\u00f3n y servicios prestados por la Polic\u00eda Local se consiguen gracias a fondos europeos Next Generation EU captados por la Oficina de Fondos Europeos creada durante esta legislatura. Este es un ejemplo m\u00e1s de la gran labor que est\u00e1 desarrollando el departamento para conseguir financiaci\u00f3n externa y materializar, por tanto, nuevos servicios que nos permitan seguir mejorando en materia de Seguridad, una prioridad para el grupo de gobierno.\u201d <\/p>\n<p>Por su parte, el primer teniente alcalde, Julio Santana, recuerda implementados durante el mandato que refuerzan esta nueva incorporaci\u00f3n: \u201cUnidad de drones, c\u00e1maras de videovigilancia, unidad canina, recuperaci\u00f3n de los agentes de la UMA, incorporaci\u00f3n de nuevos agentes y mejora del material suponen un antes y un despu\u00e9s en los servicios ofrecidos desde el \u00e1rea de Seguridad y Emergencias, una materia que desde el grupo de gobierno consideramos vital y en la que seguiremos trabajando para proporcionar la protecci\u00f3n que nuestros vecinos y visitantes se merecen.\u201d <\/p>\n<p>Un paso m\u00e1s en la mejora del servicio de Seguridad y Emergencias con una apuesta clara por parte de Ayuntamiento de La Oliva, continuar con una apuesta firme de la renovaci\u00f3n integral de la materia de seguridad para la poblaci\u00f3n y visitantes del municipio.<\/p>\n","protected":false},"excerpt":{"rendered":"<p><span>El Consistorio mantiene su compromiso en materia de seguridad a trav\u00e9s de la implementaci\u00f3n de nuevos recursos materiales y personales en diferentes \u00e1reas de seguridad y emergencias<\/span><\/p>\n","protected":false},"author":1,"featured_media":16014,"comment_status":"open","ping_status":"open","sticky":false,"template":"","format":"standard","meta":{"inline_featured_image":false,"jnews-multi-image_gallery":[],"jnews_single_post":[],"jnews_primary_category":[],"jnews_social_meta":[],"jnews_override_counter":[],"jnews_post_split":[],"footnotes":""},"categories":[62],"tags":[330,76,182],"class_list":["post-16012","post","type-post","status-publish","format-standard","has-post-thumbnail","hentry","category-la-oliva","tag-fondos-europeos","tag-medio-ambiente","tag-seguridad"],"jetpack_featured_media_url":"https:\/\/informacionlocal.es\/wp-content\/uploads\/2026\/01\/5288_9c3c323f.png","_links":{"self":[{"href":"https:\/\/informacionlocal.es\/de\/wp-json\/wp\/v2\/posts\/16012","targetHints":{"allow":["GET"]}}],"collection":[{"href":"https:\/\/informacionlocal.es\/de\/wp-json\/wp\/v2\/posts"}],"about":[{"href":"https:\/\/informacionlocal.es\/de\/wp-json\/wp\/v2\/types\/post"}],"author":[{"embeddable":true,"href":"https:\/\/informacionlocal.es\/de\/wp-json\/wp\/v2\/users\/1"}],"replies":[{"embeddable":true,"href":"https:\/\/informacionlocal.es\/de\/wp-json\/wp\/v2\/comments?post=16012"}],"version-history":[{"count":0,"href":"https:\/\/informacionlocal.es\/de\/wp-json\/wp\/v2\/posts\/16012\/revisions"}],"wp:featuredmedia":[{"embeddable":true,"href":"https:\/\/informacionlocal.es\/de\/wp-json\/wp\/v2\/media\/16014"}],"wp:attachment":[{"href":"https:\/\/informacionlocal.es\/de\/wp-json\/wp\/v2\/media?parent=16012"}],"wp:term":[{"taxonomy":"category","embeddable":true,"href":"https:\/\/informacionlocal.es\/de\/wp-json\/wp\/v2\/categories?post=16012"},{"taxonomy":"post_tag","embeddable":true,"href":"https:\/\/informacionlocal.es\/de\/wp-json\/wp\/v2\/tags?post=16012"}],"curies":[{"name":"wp","href":"https:\/\/api.w.org\/{rel}","templated":true}]}}